{"id":13636,"date":"2026-08-26T08:17:19","date_gmt":"2026-08-26T08:17:19","guid":{"rendered":"https:\/\/www.applic8.com\/non-categorise\/liste-de-controle-relative-a-la-conformite-en-matiere-de-paie-dans-lue-ce-que-tout-employeur-doit-savoir-avant-de-verser-les-salaires-de-ses-salaries-en-europe\/"},"modified":"2026-09-04T06:44:01","modified_gmt":"2026-09-04T06:44:01","slug":"liste-de-controle-relative-a-la-conformite-en-matiere-de-paie-dans-lue-ce-que-tout-employeur-doit-savoir-avant-de-verser-les-salaires-de-ses-salaries-en-europe","status":"publish","type":"post","link":"https:\/\/www.applic8.com\/fr\/paie-mondiale\/liste-de-controle-relative-a-la-conformite-en-matiere-de-paie-dans-lue-ce-que-tout-employeur-doit-savoir-avant-de-verser-les-salaires-de-ses-salaries-en-europe\/","title":{"rendered":"Liste de contr\u00f4le relative \u00e0 la conformit\u00e9 en mati\u00e8re de paie dans l&rsquo;UE : ce que tout employeur doit savoir avant de verser les salaires de ses salari\u00e9s en Europe"},"content":{"rendered":"<p style=\"font-weight: 400;\"><strong>EN BREF<\/strong> : L&rsquo;expansion sur les march\u00e9s europ\u00e9ens offre d&rsquo;importantes opportunit\u00e9s commerciales. Elle s&rsquo;accompagne toutefois d&rsquo;un cadre r\u00e9glementaire complexe qui prend de nombreux employeurs am\u00e9ricains et internationaux au d\u00e9pourvu. Contrairement aux \u00c9tats-Unis, o\u00f9 la loi f\u00e9d\u00e9rale fixe un cadre de base et o\u00f9 les \u00c9tats ajoutent des exigences suppl\u00e9mentaires, l&rsquo;Union europ\u00e9enne est constitu\u00e9e de 27 nations souveraines, chacune disposant de son propre <a href=\"https:\/\/www.applic8.com\/fr\/calculateur-de-salaire-net-en-suisse\/\" target=\"_blank\" rel=\"noopener\">syst\u00e8me d&rsquo;imp\u00f4t sur le revenu<\/a>, de sa propre structure de s\u00e9curit\u00e9 sociale, de ses propres r\u00e8gles en mati\u00e8re de contrats de travail et de ses propres obligations en mati\u00e8re de prestations sociales obligatoires.<\/p>\n<p style=\"font-weight: 400;\">Ces pays ont en commun un ensemble de directives europ\u00e9ennes qui fixent des seuils minimaux dans des domaines tels que le temps de travail, le cong\u00e9 parental et la protection des donn\u00e9es. Cependant, la mise en \u0153uvre de ces directives varie d&rsquo;un pays \u00e0 l&rsquo;autre et, dans de nombreux cas, les r\u00e9glementations nationales vont bien au-del\u00e0 des exigences minimales de l&rsquo;Union europ\u00e9enne.<\/p>\n<p style=\"font-weight: 400;\">Une liste de contr\u00f4le structur\u00e9e relative \u00e0 la <a href=\"https:\/\/www.applic8.com\/fr\/traitement-des-salaires-en-suisse\/\" target=\"_blank\" rel=\"noopener\">conformit\u00e9 en mati\u00e8re de paie dans l&rsquo;UE<\/a> offre aux employeurs un cadre leur permettant de s&rsquo;assurer que chaque obligation l\u00e9gale est identifi\u00e9e, document\u00e9e et respect\u00e9e avant et pendant chaque cycle de paie. Ce guide passe en revue les sept domaines cl\u00e9s de cette liste de contr\u00f4le.<\/p>\n<p>&nbsp;<\/p>\n<h2 id=\"eu_payroll_compliance\"><strong>Pourquoi la conformit\u00e9 en mati\u00e8re de paie dans l&rsquo;UE n\u00e9cessite-t-elle une approche par liste de contr\u00f4le ?<\/strong><\/h2>\n<p>&nbsp;<\/p>\n<p style=\"font-weight: 400;\">La complexit\u00e9 de la mise en conformit\u00e9 en mati\u00e8re de paie au sein de l&rsquo;UE r\u00e9sulte de la combinaison de directives europ\u00e9ennes, de l\u00e9gislations nationales, de conventions collectives et d&rsquo;exigences locales des comit\u00e9s d&rsquo;entreprise, qui s&rsquo;appliquent simultan\u00e9ment \u00e0 chaque relation de travail. Un employeur ayant des salari\u00e9s dans cinq \u00c9tats membres de l&rsquo;UE doit g\u00e9rer cinq programmes distincts de mise en conformit\u00e9 en mati\u00e8re de paie fonctionnant en parall\u00e8le, chacun avec ses propres exigences d&rsquo;enregistrement, ses calendriers de d\u00e9claration et ses normes de reporting.<\/p>\n<p style=\"font-weight: 400;\">L&rsquo;approche par liste de contr\u00f4le est efficace car elle rend les obligations de conformit\u00e9 visibles, attribuables et v\u00e9rifiables. En l&rsquo;absence d&rsquo;un cadre structur\u00e9, le risque d&rsquo;omission augmente \u00e0 mesure que de nouveaux pays viennent s&rsquo;ajouter \u00e0 l&rsquo;effectif. Le non-respect des d\u00e9lais d&rsquo;enregistrement, l&rsquo;application de taux de cotisations sociales erron\u00e9s et les contrats de travail non conformes comptent parmi les erreurs les plus courantes et les plus co\u00fbteuses dans la gestion de la paie au sein de l&rsquo;Union europ\u00e9enne.<\/p>\n<p><em>\u00ab La conformit\u00e9 en mati\u00e8re de paie au sein de l&rsquo;UE ne rel\u00e8ve pas d&rsquo;un programme unique, mais d&rsquo;un ensemble d&rsquo;obligations sp\u00e9cifiques \u00e0 chaque pays. Les employeurs qui la consid\u00e8rent comme un syst\u00e8me unifi\u00e9 se rendent rapidement compte que ce qui fonctionne dans un \u00c9tat membre est souvent insuffisant, incorrect ou sans pertinence dans un autre. \u00bb<a href=\"https:\/\/commission.europa.eu\/index_en\" target=\"_blank\" rel=\"noopener\"> Commission europ\u00e9enne<\/a><\/em><\/p>\n<p>&nbsp;<\/p>\n<h2 id=\"legal_entity_and_employer_registration\"><strong>1. Enregistrement des personnes morales et des employeurs<\/strong><\/h2>\n<p>&nbsp;<\/p>\n<p style=\"font-weight: 400;\">Avant de pouvoir verser le moindre salaire dans un \u00c9tat membre de l&rsquo;UE, l&#8217;employeur doit disposer de l&rsquo;autorisation l\u00e9gale d&rsquo;y employer du personnel. Cette exigence s&rsquo;applique ind\u00e9pendamment du fait que l&#8217;employeur dispose ou non d&rsquo;un si\u00e8ge social dans le pays concern\u00e9. Le fait d&#8217;employer ne serait-ce qu&rsquo;un seul t\u00e9l\u00e9travailleur en France, en Allemagne ou aux Pays-Bas entra\u00eene des obligations d&rsquo;enregistrement dans le pays en question.<\/p>\n<p>&nbsp;<\/p>\n<h3><strong>Liste de contr\u00f4le pour l&rsquo;enregistrement l\u00e9gal<\/strong><\/h3>\n<p>&nbsp;<\/p>\n<ul>\n<li>V\u00e9rifiez si l&rsquo;organisation dispose d&rsquo;une entit\u00e9 juridique enregistr\u00e9e dans chaque pays de l&rsquo;UE o\u00f9 sont bas\u00e9s ses salari\u00e9s. Si ce n&rsquo;est pas le cas, d\u00e9terminez s&rsquo;il est n\u00e9cessaire de recourir \u00e0 un accord d&rsquo;\u00ab employeur de r\u00e9f\u00e9rence \u00bb ou de proc\u00e9der \u00e0 l&rsquo;enregistrement d&rsquo;une nouvelle entit\u00e9.<\/li>\n<li>Inscrivez-vous aupr\u00e8s de l&rsquo;administration fiscale comp\u00e9tente de chaque pays afin d&rsquo;obtenir un num\u00e9ro d&rsquo;identification fiscale d&#8217;employeur aux fins de la retenue \u00e0 la source de l&rsquo;imp\u00f4t sur le revenu.<\/li>\n<li>Inscrivez-vous aupr\u00e8s des organismes de s\u00e9curit\u00e9 sociale de chaque pays afin d&rsquo;obtenir un compte de cotisations patronales avant le premier versement des salaires.<\/li>\n<li>V\u00e9rifiez si le pays exige une inscription aupr\u00e8s d&rsquo;un comit\u00e9 d&rsquo;entreprise ou d&rsquo;un organe de repr\u00e9sentation du personnel avant de proc\u00e9der au recrutement.<\/li>\n<li>Obtenir toutes les autorisations d&rsquo;exploitation ou inscriptions sp\u00e9cifiques au secteur requises par la l\u00e9gislation nationale pour le secteur d&rsquo;activit\u00e9 dans lequel l&#8217;employeur exerce ses activit\u00e9s.<\/li>\n<li>V\u00e9rifiez si l&#8217;employeur est soumis \u00e0 une convention collective applicable dans chaque pays, car celles-ci ont souvent un caract\u00e8re juridiquement contraignant, m\u00eame pour les employeurs qui ne sont pas membres de l&rsquo;association patronale signataire.<\/li>\n<\/ul>\n<p>&nbsp;<\/p>\n<h2 id=\"tax_withholding_obligations\"><strong>2. Obligations en mati\u00e8re de retenue \u00e0 la source de l&rsquo;imp\u00f4t sur le revenu<\/strong><\/h2>\n<p style=\"font-weight: 400;\">Chaque \u00c9tat membre de l&rsquo;UE appliquant un imp\u00f4t sur le revenu des personnes physiques impose aux employeurs de pr\u00e9lever l&rsquo;imp\u00f4t sur les salaires de leurs salari\u00e9s et de le verser \u00e0 l&rsquo;administration fiscale nationale selon un calendrier d\u00e9fini. Les modalit\u00e9s de pr\u00e9l\u00e8vement de l&rsquo;imp\u00f4t sur le revenu varient consid\u00e9rablement d&rsquo;un pays \u00e0 l&rsquo;autre, notamment en ce qui concerne l&rsquo;attribution des codes fiscaux, l&rsquo;obtention des attestations de retenue \u00e0 la source et la communication des modifications en cours d&rsquo;ann\u00e9e entre les salari\u00e9s et les employeurs.<\/p>\n<p>&nbsp;<\/p>\n<h3><strong>Liste de contr\u00f4le relative \u00e0 la retenue \u00e0 la source de l&rsquo;imp\u00f4t sur le revenu<\/strong><\/h3>\n<p>&nbsp;<\/p>\n<ul>\n<li>Avant le premier cycle de paie, procurez-vous le code fiscal ou le statut de retenue \u00e0 la source applicable \u00e0 chaque salari\u00e9 aupr\u00e8s de l&rsquo;administration fiscale nationale ou \u00e0 partir du formulaire de d\u00e9claration du salari\u00e9.<\/li>\n<li>Appliquez le bar\u00e8me de retenue \u00e0 la source applicable \u00e0 la fr\u00e9quence de paie concern\u00e9e : mensuelle, bihebdomadaire ou toute autre fr\u00e9quence pr\u00e9vue par la l\u00e9gislation nationale.<\/li>\n<li>V\u00e9rifiez la fr\u00e9quence des versements exig\u00e9e par l&rsquo;administration fiscale de chaque pays : mensuelle, trimestrielle ou selon un autre calendrier.<\/li>\n<li>V\u00e9rifiez la fr\u00e9quence des versements exig\u00e9e par l&rsquo;administration fiscale de chaque pays : mensuelle, trimestrielle ou selon un autre calendrier.<\/li>\n<li>Remettre \u00e0 tous les salari\u00e9s, \u00e0 chaque p\u00e9riode de paie, des bulletins de paie conformes, indiquant le salaire brut, l&rsquo;ensemble des retenues et le salaire net, conform\u00e9ment \u00e0 la l\u00e9gislation nationale.<\/li>\n<li>V\u00e9rifiez au moins une fois par an l&rsquo;exactitude des retenues \u00e0 la source, en particulier pour les salari\u00e9s dont la r\u00e9mun\u00e9ration ou la situation personnelle a \u00e9volu\u00e9 au cours de l&rsquo;ann\u00e9e.<\/li>\n<\/ul>\n<p>&nbsp;<\/p>\n<h2 id=\"social_security_contributions\"><strong>3. Cotisations sociales<\/strong><\/h2>\n<p>&nbsp;<\/p>\n<p style=\"font-weight: 400;\">Les cotisations sociales dans les \u00c9tats membres de l&rsquo;UE financent toute une s\u00e9rie de programmes, notamment les retraites, les soins de sant\u00e9, l&rsquo;assurance ch\u00f4mage, les prestations d&rsquo;invalidit\u00e9 et les allocations parentales. Dans pratiquement tous les pays de l&rsquo;UE, l&#8217;employeur et le salari\u00e9 versent chacun leur part, mais les taux, les assiettes salariales et les cat\u00e9gories de cotisations varient consid\u00e9rablement d&rsquo;un \u00c9tat membre \u00e0 l&rsquo;autre.<\/p>\n<p>&nbsp;<\/p>\n<h3><strong>Taux de cotisations sociales : s\u00e9lection d&rsquo;\u00c9tats membres de l&rsquo;UE<\/strong><\/h3>\n<p>&nbsp;<\/p>\n<div style=\"overflow-x: auto;\">\n<table style=\"font-weight: 400;\" width=\"1200px\">\n<thead>\n<tr>\n<td width=\"133\"><strong>Country<\/strong><\/td>\n<td width=\"133\"><strong>Employer Rate (Approx.)<\/strong><\/td>\n<td width=\"133\"><strong>Employee Rate (Approx.)<\/strong><\/td>\n<td width=\"224\"><strong>Key Notes<\/strong><\/td>\n<\/tr>\n<\/thead>\n<tbody>\n<tr>\n<td width=\"133\">Germany<\/td>\n<td width=\"133\">approx. 20%<\/td>\n<td width=\"133\">approx. 20%<\/td>\n<td width=\"224\">Split evenly; covers health, pension, unemployment, care<\/td>\n<\/tr>\n<tr>\n<td width=\"133\">France<\/td>\n<td width=\"133\">approx. 42-45%<\/td>\n<td width=\"133\">approx. 22%<\/td>\n<td width=\"224\">High employer burden; multiple separate contribution streams<\/td>\n<\/tr>\n<tr>\n<td width=\"133\">Netherlands<\/td>\n<td width=\"133\">approx. 18-19%<\/td>\n<td width=\"133\">approx. 28%<\/td>\n<td width=\"224\">Employee-side includes health insurance premium<\/td>\n<\/tr>\n<tr>\n<td width=\"133\">Spain<\/td>\n<td width=\"133\">approx. 30%<\/td>\n<td width=\"133\">approx. 6.4%<\/td>\n<td width=\"224\">Employer share significantly higher than employee share<\/td>\n<\/tr>\n<tr>\n<td width=\"133\">Italy<\/td>\n<td width=\"133\">approx. 30-33%<\/td>\n<td width=\"133\">approx. 9-10%<\/td>\n<td width=\"224\">Varies by sector; high employer contribution<\/td>\n<\/tr>\n<tr>\n<td width=\"133\">Ireland<\/td>\n<td width=\"133\">approx. 11.05%<\/td>\n<td width=\"133\">approx. 4%<\/td>\n<td width=\"224\">Lower rates; Pay Related Social Insurance (PRSI) system<\/td>\n<\/tr>\n<tr>\n<td width=\"133\">Poland<\/td>\n<td width=\"133\">approx. 20%<\/td>\n<td width=\"133\">approx. 22-23%<\/td>\n<td width=\"224\">Various contribution streams; pension fully shared<\/td>\n<\/tr>\n<\/tbody>\n<\/table>\n<\/div>\n<p>&nbsp;<\/p>\n<h3><strong>Liste de contr\u00f4le relative \u00e0 la contribution sociale<\/strong><\/h3>\n<p>&nbsp;<\/p>\n<ul>\n<li>Inscrivez-vous aupr\u00e8s des organismes de s\u00e9curit\u00e9 sociale de chaque pays avant le premier versement des salaires et obtenez un num\u00e9ro de compte de cotisations sociales pour l&#8217;employeur.<\/li>\n<li>Calculez s\u00e9par\u00e9ment les cotisations patronales et salariales pour chaque cat\u00e9gorie de cotisation : retraite, sant\u00e9, ch\u00f4mage et toute autre cotisation sp\u00e9cifique au secteur.<\/li>\n<li>Appliquez, le cas \u00e9ch\u00e9ant, le plafond salarial correspondant \u00e0 chaque cat\u00e9gorie de cotisation. Certains programmes pr\u00e9voient des plafonds de cotisation qui doivent \u00eatre suivis pour chaque salari\u00e9 et pour chaque ann\u00e9e.<\/li>\n<li>Versez les cotisations selon le calendrier fix\u00e9 par les autorit\u00e9s de chaque pays, qui peut diff\u00e9rer du calendrier de versement de l&rsquo;imp\u00f4t sur le revenu.<\/li>\n<li>Se procurer et d\u00e9poser la d\u00e9claration de cotisations patronales pour chaque p\u00e9riode, conform\u00e9ment \u00e0 la l\u00e9gislation nationale.<\/li>\n<\/ul>\n<p>&nbsp;<\/p>\n<h2 id=\"benefits_and_leave\"><strong>4. Avantages sociaux obligatoires et cong\u00e9s<\/strong><\/h2>\n<p>&nbsp;<\/p>\n<p style=\"font-weight: 400;\">Les directives europ\u00e9ennes fixent des seuils minimaux en mati\u00e8re de temps de travail, de cong\u00e9s annuels pay\u00e9s et de cong\u00e9 parental. Cependant, la plupart des \u00c9tats membres de l&rsquo;UE appliquent des normes qui vont au-del\u00e0 de ces seuils minimaux, et les conventions collectives en vigueur dans de nombreux secteurs imposent des exigences suppl\u00e9mentaires. Les employeurs doivent appliquer la norme la plus favorable applicable \u00e0 chaque salari\u00e9.<\/p>\n<p>&nbsp;<\/p>\n<h3><strong>Liste de contr\u00f4le des prestations obligatoires<\/strong><\/h3>\n<p>&nbsp;<\/p>\n<ul>\n<li>Cong\u00e9s annuels pay\u00e9s pr\u00e9vus par la loi : la directive europ\u00e9enne sur le temps de travail garantit au moins quatre semaines de cong\u00e9s annuels pay\u00e9s. La plupart des \u00c9tats membres de l&rsquo;UE accordent entre 20 et 30 jours. V\u00e9rifiez le minimum applicable dans chaque pays o\u00f9 vous exercez vos activit\u00e9s.<\/li>\n<li>Cong\u00e9s parentaux et cong\u00e9s de maternit\u00e9 : les directives europ\u00e9ennes pr\u00e9voient un minimum de 14 semaines de cong\u00e9 de maternit\u00e9 et de quatre mois de cong\u00e9 parental par parent. Dans de nombreux pays, les dispositions nationales vont bien au-del\u00e0 de ces minima.<\/li>\n<li>Cong\u00e9s maladie : plusieurs \u00c9tats membres de l&rsquo;Union europ\u00e9enne imposent aux employeurs l&rsquo;obligation de verser une indemnit\u00e9 l\u00e9gale de maladie pendant la p\u00e9riode initiale d&rsquo;absence, avant que l&rsquo;assurance sociale ne prenne le relais. La dur\u00e9e et le montant varient selon les pays.<\/li>\n<li>Jours f\u00e9ri\u00e9s : le nombre de jours f\u00e9ri\u00e9s pay\u00e9s varie d&rsquo;un pays \u00e0 l&rsquo;autre au sein de l&rsquo;UE. V\u00e9rifiez le calendrier des jours f\u00e9ri\u00e9s l\u00e9gaux de chaque pays et assurez-vous que les contrats de travail refl\u00e8tent correctement les droits des salari\u00e9s.<\/li>\n<li>Cotisations de retraite compl\u00e9mentaire : plusieurs pays de l&rsquo;Union europ\u00e9enne exigent que les employeurs versent des cotisations \u00e0 des r\u00e9gimes de retraite professionnelle compl\u00e9mentaire, en plus des cotisations de retraite publique.<\/li>\n<li>13e mois ou prime de fin d&rsquo;ann\u00e9e : plusieurs \u00c9tats membres de l&rsquo;Union europ\u00e9enne, dont la Belgique, les Pays-Bas et plusieurs autres, sont tenus, en vertu de la l\u00e9gislation ou d&rsquo;accords collectifs, de verser une prime annuelle \u00e9quivalente \u00e0 un mois de salaire.<\/li>\n<\/ul>\n<p>&nbsp;<\/p>\n<h2 id=\"cross-border_assignments\"><strong>5. Travailleurs d\u00e9tach\u00e9s et missions transfrontali\u00e8res<\/strong><\/h2>\n<p>&nbsp;<\/p>\n<p style=\"font-weight: 400;\">La directive europ\u00e9enne relative au d\u00e9tachement des travailleurs s&rsquo;applique lorsqu&rsquo;un employeur envoie temporairement des salari\u00e9s travailler dans un autre \u00c9tat membre de l&rsquo;Union europ\u00e9enne. Les travailleurs d\u00e9tach\u00e9s b\u00e9n\u00e9ficient des conditions d&#8217;emploi fondamentales en vigueur dans le pays d&rsquo;accueil, notamment le salaire minimum, la dur\u00e9e maximale du travail, les p\u00e9riodes de repos et les normes de s\u00e9curit\u00e9, m\u00eame si leur contrat de travail reste r\u00e9gi par la l\u00e9gislation du pays d&rsquo;origine.<\/p>\n<p>&nbsp;<\/p>\n<h3><strong>Liste de contr\u00f4le pour les travailleurs d\u00e9tach\u00e9s<\/strong><\/h3>\n<p>&nbsp;<\/p>\n<ul>\n<li>Avant de proc\u00e9der \u00e0 un d\u00e9tachement, v\u00e9rifiez si la mission r\u00e9pond \u00e0 la d\u00e9finition d&rsquo;un d\u00e9tachement au sens de la directive europ\u00e9enne relative au d\u00e9tachement des travailleurs, par opposition \u00e0 une installation d\u00e9finitive ou \u00e0 un d\u00e9tachement soumis au droit du travail local.<\/li>\n<li>Enregistrez le d\u00e9tachement aupr\u00e8s de l&rsquo;autorit\u00e9 nationale d\u00e9sign\u00e9e du pays d&rsquo;accueil avant le d\u00e9but de la mission. La plupart des \u00c9tats membres de l&rsquo;UE exigent une notification pr\u00e9alable pour les d\u00e9tachements d\u00e9passant une dur\u00e9e minimale.<\/li>\n<li>Appliquer le salaire minimum et les conditions de travail obligatoires en vigueur dans le pays d&rsquo;accueil d\u00e8s le premier jour du d\u00e9tachement.<\/li>\n<li>Appliquer le salaire minimum et les conditions de travail obligatoires en vigueur dans le pays d&rsquo;accueil d\u00e8s le premier jour du d\u00e9tachement.<\/li>\n<li>V\u00e9rifiez si le d\u00e9tachement entra\u00eene des obligations fiscales dans le pays d&rsquo;accueil, notamment dans le cas de missions d&rsquo;une dur\u00e9e sup\u00e9rieure \u00e0 183 jours ou lorsqu&rsquo;aucune convention fiscale ne pr\u00e9voit d&rsquo;all\u00e8gement fiscal.<\/li>\n<li>Conservez des copies de tous les documents de notification de d\u00e9tachement, des certificats A1 et des dossiers d&#8217;emploi, et veillez \u00e0 ce qu&rsquo;ils soient accessibles dans le pays d&rsquo;accueil pendant la dur\u00e9e pr\u00e9vue par la l\u00e9gislation locale.<\/li>\n<\/ul>\n<p>\u00ab <em>L&rsquo;application de la directive relative au d\u00e9tachement des travailleurs s&rsquo;est renforc\u00e9e dans l&rsquo;ensemble des \u00c9tats membres de l&rsquo;UE. Les employeurs qui d\u00e9tachent des travailleurs sans avoir rempli les formalit\u00e9s de notification et de documentation requises s&rsquo;exposent \u00e0 des amendes administratives qui, dans plusieurs pays, sont calcul\u00e9es par travailleur et par jour de non-conformit\u00e9.<\/em> \u00bb <a href=\"https:\/\/www.ela.europa.eu\/en\" target=\"_blank\" rel=\"noopener\">Autorit\u00e9 europ\u00e9enne du travail<br \/>\n<\/a><\/p>\n<h2 id=\"data_privacy\"><strong>6. GDPR and Employee Data Privacy in Payroll<\/strong><\/h2>\n<p>&nbsp;<\/p>\n<p style=\"font-weight: 400;\">Le R\u00e8glement g\u00e9n\u00e9ral sur la protection des donn\u00e9es s&rsquo;applique directement \u00e0 la collecte, au traitement, au stockage et au transfert des donn\u00e9es \u00e0 caract\u00e8re personnel relatives aux salari\u00e9s dans l&rsquo;ensemble des \u00c9tats membres de l&rsquo;Union europ\u00e9enne. La gestion de la paie figure parmi les fonctions RH les plus gourmandes en donn\u00e9es et implique des cat\u00e9gories de donn\u00e9es \u00e0 caract\u00e8re personnel sensibles, notamment des informations financi\u00e8res, des coordonn\u00e9es bancaires, des num\u00e9ros d&rsquo;identification nationaux et des retenues li\u00e9es \u00e0 la sant\u00e9. La conformit\u00e9 au RGPD n&rsquo;est pas facultative et s&rsquo;applique quel que soit le lieu o\u00f9 l&#8217;employeur a son si\u00e8ge social.<\/p>\n<p>&nbsp;<\/p>\n<h3><strong>Liste de contr\u00f4le relative aux donn\u00e9es de paie dans le cadre du RGPD<\/strong><\/h3>\n<p>&nbsp;<\/p>\n<ul>\n<li>Identifiez toutes les cat\u00e9gories de donn\u00e9es \u00e0 caract\u00e8re personnel trait\u00e9es dans le cadre de la gestion de la paie et pr\u00e9cisez la base juridique du traitement de chaque cat\u00e9gorie, conform\u00e9ment \u00e0 l&rsquo;article 6 du RGPD.<\/li>\n<li>Publiez, d\u00e8s le d\u00e9but de la relation de travail, une note d&rsquo;information conforme relative \u00e0 la vie priv\u00e9e des salari\u00e9s, pr\u00e9cisant quelles donn\u00e9es sont collect\u00e9es, comment elles sont utilis\u00e9es, pendant combien de temps elles sont conserv\u00e9es et quels sont les droits des salari\u00e9s concernant leurs donn\u00e9es.<\/li>\n<li>Veillez \u00e0 ce que les transferts de donn\u00e9es relatives \u00e0 la paie vers des pays hors de l&rsquo;UE, par exemple vers un syst\u00e8me de paie ou une soci\u00e9t\u00e9 m\u00e8re situ\u00e9s aux \u00c9tats-Unis, soient r\u00e9gis par un m\u00e9canisme de transfert appropri\u00e9, tel que les clauses contractuelles types.<\/li>\n<li>Limiter l&rsquo;acc\u00e8s aux donn\u00e9es relatives \u00e0 la paie aux seules personnes qui en ont strictement besoin et mettre en place des contr\u00f4les techniques pour emp\u00eacher tout acc\u00e8s, toute modification ou toute divulgation non autoris\u00e9s.<\/li>\n<li>Mettre en place et documenter un calendrier de conservation des donn\u00e9es relatives \u00e0 la paie conforme \u00e0 la fois aux exigences du RGPD et aux obligations de conservation des documents impos\u00e9es par la l\u00e9gislation fiscale et le droit du travail nationaux.<\/li>\n<li>Tenir \u00e0 jour les registres des activit\u00e9s de traitement des donn\u00e9es relatives \u00e0 la paie, conform\u00e9ment \u00e0 l&rsquo;article 30 du RGPD, pour les organisations d\u00e9passant le seuil d&rsquo;effectifs applicable.<\/li>\n<li>Nommer un d\u00e9l\u00e9gu\u00e9 \u00e0 la protection des donn\u00e9es si la l\u00e9gislation nationale de transposition l&rsquo;exige ou si le traitement des donn\u00e9es relatives \u00e0 la paie est effectu\u00e9 \u00e0 grande \u00e9chelle et porte sur des cat\u00e9gories particuli\u00e8res de donn\u00e9es \u00e0 caract\u00e8re personnel.<\/li>\n<\/ul>\n<p>&nbsp;<\/p>\n<h2 id=\"reporting_and_record_retention \"><strong>7. Rapports de fin d&rsquo;ann\u00e9e et conservation des documents<\/strong><\/h2>\n<p>&nbsp;<\/p>\n<p style=\"font-weight: 400;\">La mise en conformit\u00e9 en mati\u00e8re de paie en fin d&rsquo;ann\u00e9e dans l&rsquo;UE implique l&rsquo;\u00e9tablissement et la transmission de rapports, de relev\u00e9s et de rapprochements distincts dans chaque pays o\u00f9 sont bas\u00e9s les salari\u00e9s. Les d\u00e9lais, les formats et les exigences en mati\u00e8re de contenu varient d&rsquo;un \u00c9tat membre \u00e0 l&rsquo;autre, et dans certains pays, l&#8217;employeur est tenu de remettre \u00e0 ses salari\u00e9s des attestations de revenus annuels individuelles bien avant le d\u00e9but de la p\u00e9riode de d\u00e9claration d&rsquo;imp\u00f4t des particuliers.<\/p>\n<p>&nbsp;<\/p>\n<h3><strong>Liste de contr\u00f4le de conformit\u00e9 de fin d&rsquo;ann\u00e9e<\/strong><\/h3>\n<p>&nbsp;<\/p>\n<ul>\n<li>\u00c9tablissez une d\u00e9claration annuelle des revenus pour chaque salari\u00e9, dans le format requis par l&rsquo;administration fiscale de chaque pays. Le nom du document, son contenu et le mode de transmission varient selon les \u00c9tats membres.<\/li>\n<li>Effectuer le rapprochement entre l&rsquo;ensemble des retenues \u00e0 la source sur les revenus effectu\u00e9es au cours de l&rsquo;ann\u00e9e et les versements effectu\u00e9s, puis d\u00e9poser la d\u00e9claration r\u00e9capitulative annuelle des retenues \u00e0 la source de l&#8217;employeur aupr\u00e8s de chaque administration fiscale comp\u00e9tente.<\/li>\n<li>Rapprocher les cotisations sociales vers\u00e9es au cours de l&rsquo;ann\u00e9e avec les salaires d\u00e9clar\u00e9s et transmettre la d\u00e9claration annuelle des cotisations patronales lorsque cela est requis.<\/li>\n<li>Traitez et d\u00e9clarez toute prime de fin d&rsquo;ann\u00e9e, tout 13e mois ou toute autre r\u00e9mun\u00e9ration compl\u00e9mentaire annuelle obligatoire au cours de la p\u00e9riode de paie appropri\u00e9e, conform\u00e9ment \u00e0 la r\u00e9glementation en vigueur dans le pays concern\u00e9.<\/li>\n<li>V\u00e9rifier et consigner le solde des cong\u00e9s annuels accumul\u00e9s mais non pris pour chaque salari\u00e9 \u00e0 la date de cl\u00f4ture de l&rsquo;exercice, en appliquant les r\u00e8gles propres \u00e0 chaque pays concernant les limites de report et les obligations de paiement.<\/li>\n<li>Conservez tous les documents relatifs \u00e0 la paie pendant la dur\u00e9e minimale requise par la l\u00e9gislation nationale de chaque pays. Au sein de l&rsquo;Union europ\u00e9enne, les dur\u00e9es de conservation varient g\u00e9n\u00e9ralement entre cinq et dix ans ; appliquez la dur\u00e9e la plus longue applicable lorsque les documents servent \u00e0 plusieurs fins.<\/li>\n<li>Mettez \u00e0 jour les syst\u00e8mes de paie en y int\u00e9grant les bar\u00e8mes fiscaux r\u00e9vis\u00e9s, les nouveaux taux de cotisations sociales et les seuils de salaire minimum actualis\u00e9s, applicables \u00e0 compter de la nouvelle p\u00e9riode fiscale, avant de lancer le premier cycle de paie de la nouvelle ann\u00e9e.<\/li>\n<\/ul>\n<p>&nbsp;<\/p>\n<h2 id=\"eu_payroll_obligations\"><strong>Comment se comparent les obligations en mati\u00e8re de paie au sein de l&rsquo;UE entre les principaux \u00c9tats membres ?<\/strong><\/h2>\n<p>&nbsp;<\/p>\n<p style=\"font-weight: 400;\">Le tableau ci-dessous pr\u00e9sente une synth\u00e8se de certains aspects li\u00e9s \u00e0 la conformit\u00e9 en mati\u00e8re de paie dans cinq grandes \u00e9conomies de l&rsquo;UE, afin d&rsquo;illustrer l&rsquo;ampleur des diff\u00e9rences auxquelles les employeurs doivent faire face lorsqu&rsquo;ils exercent leurs activit\u00e9s dans l&rsquo;ensemble de l&rsquo;UE.<\/p>\n<table style=\"font-weight: 400;\" width=\"1200px\">\n<thead>\n<tr>\n<td width=\"147\"><strong>Compliance Area<\/strong><\/td>\n<td width=\"122\"><strong>Germany<\/strong><\/td>\n<td width=\"122\"><strong>France<\/strong><\/td>\n<td width=\"122\"><strong>Spain<\/strong><\/td>\n<td width=\"111\"><strong>Netherlands<\/strong><\/td>\n<\/tr>\n<\/thead>\n<tbody>\n<tr>\n<td width=\"147\">Statutory paid leave<\/td>\n<td width=\"122\">20 days min.<\/td>\n<td width=\"122\">25 days min.<\/td>\n<td width=\"122\">22 days min.<\/td>\n<td width=\"111\">20 days min.<\/td>\n<\/tr>\n<tr>\n<td width=\"147\">Maternity leave<\/td>\n<td width=\"122\">14 weeks paid<\/td>\n<td width=\"122\">16 weeks paid<\/td>\n<td width=\"122\">16 weeks paid<\/td>\n<td width=\"111\">16 weeks paid<\/td>\n<\/tr>\n<tr>\n<td width=\"147\">Min. wage (national)<\/td>\n<td width=\"122\">Yes<\/td>\n<td width=\"122\">Yes<\/td>\n<td width=\"122\">Yes<\/td>\n<td width=\"111\">Yes<\/td>\n<\/tr>\n<tr>\n<td width=\"147\">13th month pay obligation<\/td>\n<td width=\"122\">Not statutory<\/td>\n<td width=\"122\">Not statutory<\/td>\n<td width=\"122\">Not statutory<\/td>\n<td width=\"111\">Holiday allowance statutory<\/td>\n<\/tr>\n<tr>\n<td width=\"147\">Works council requirement<\/td>\n<td width=\"122\">5+ employees<\/td>\n<td width=\"122\">50+ employees<\/td>\n<td width=\"122\">10+ employees<\/td>\n<td width=\"111\">50+ employees<\/td>\n<\/tr>\n<tr>\n<td width=\"147\">Payslip requirement<\/td>\n<td width=\"122\">Monthly, written<\/td>\n<td width=\"122\">Monthly, written<\/td>\n<td width=\"122\">Monthly, written<\/td>\n<td width=\"111\">Monthly, written<\/td>\n<\/tr>\n<tr>\n<td width=\"147\">Data retention (payroll)<\/td>\n<td width=\"122\">Minimum 6 years<\/td>\n<td width=\"122\">Minimum 5 years<\/td>\n<td width=\"122\">Minimum 4 years<\/td>\n<td width=\"111\">Minimum 7 years<\/td>\n<\/tr>\n<\/tbody>\n<\/table>\n<p>&nbsp;<\/p>\n<h2 id=\"citation_references\"><strong>R\u00e9f\u00e9rences bibliographiques<\/strong><\/h2>\n<p>&nbsp;<\/p>\n<ul>\n<li>Commission europ\u00e9enne, Emploi, affaires sociales et inclusion : <a href=\"https:\/\/ec.europa.eu\/social\/main.jsp?catId=82\" target=\"_blank\" rel=\"noopener\">europa.eu\/social\/main.jsp?catId=82<\/a><\/li>\n<li>Commission europ\u00e9enne, Pr\u00e9sentation de la directive europ\u00e9enne sur le temps de travail : <a href=\"https:\/\/ec.europa.eu\/social\/main.jsp?catId=706\" target=\"_blank\" rel=\"noopener\">europa.eu\/social\/main.jsp?catId=706<\/a><\/li>\n<li>Comit\u00e9 europ\u00e9en de la protection des donn\u00e9es, Lignes directrices relatives au RGPD \u00e0 l&rsquo;intention des employeurs : <a href=\"https:\/\/www.edpb.europa.eu\/edpb_en\" target=\"_blank\" rel=\"noopener\">europa.eu\/edpb_en<\/a><\/li>\n<li>EUR-Lex, directive 96\/71\/CE relative au d\u00e9tachement de travailleurs et modification 2018\/957\/UE : <a href=\"https:\/\/eur-lex.europa.eu\/legal-content\/EN\/TXT\/?uri=CELEX%3A32018L0957\" target=\"_blank\" rel=\"noopener\">eur-lex.europa.eu\/legal-content\/EN\/TXT\/?uri=CELEX%3A32018L0957<\/a><\/li>\n<li>Organisation internationale du travail, Protection sociale et normes relatives \u00e0 l&#8217;emploi : <a href=\"https:\/\/www.ilo.org\/global\/topics\/social-security\/lang--en\/index.htm\" target=\"_blank\" rel=\"noopener\">org\/global\/topics\/social-security\/lang&#8211;en\/index.htm<\/a><\/li>\n<li>Organisation de coop\u00e9ration et de d\u00e9veloppement \u00e9conomiques, \u00ab La fiscalit\u00e9 des salaires en Europe \u00bb : <a href=\"https:\/\/www.oecd.org\/tax\/taxing-wages-20725124.htm\" target=\"_blank\" rel=\"noopener\">org\/tax\/taxing-wages-20725124.htm<\/a><\/li>\n<li>Society for Human Resource Management, Global HR and EU Employment Resources: <a href=\"https:\/\/www.shrm.org\/resourcesandtools\/hr-topics\/global-hr\/pages\/default.aspx\" target=\"_blank\" rel=\"noopener\">org\/resourcesandtools\/hr-topics\/global-hr<\/a><\/li>\n<\/ul>\n<p>&nbsp;<\/p>\n<h2 id=\"keypoints\"><strong>POINTS CL\u00c9S<\/strong><\/h2>\n<p>&nbsp;<\/p>\n<ul>\n<li>La conformit\u00e9 en mati\u00e8re de paie au sein de l&rsquo;UE s&rsquo;applique \u00e0 la fois au niveau des directives europ\u00e9ennes et au niveau de leur transposition nationale ; ces deux aspects doivent \u00eatre contr\u00f4l\u00e9s et respect\u00e9s pour chaque pays dans lequel l&rsquo;entreprise exerce ses activit\u00e9s.<\/li>\n<li>L&rsquo;enregistrement de la personne morale et la cr\u00e9ation d&rsquo;un compte employeur doivent \u00eatre effectu\u00e9s dans chaque pays de l&rsquo;UE o\u00f9 travaillent des salari\u00e9s avant le versement du premier salaire.<\/li>\n<li>Les taux et les structures de cotisation sociale varient consid\u00e9rablement d&rsquo;un \u00c9tat membre \u00e0 l&rsquo;autre, la charge patronale allant de moins de 15 % \u00e0 plus de 40 % du salaire brut selon les pays.<\/li>\n<li>La directive relative aux travailleurs d\u00e9tach\u00e9s impose une notification pr\u00e9alable, la pr\u00e9sentation d&rsquo;attestations de s\u00e9curit\u00e9 sociale de type A1 et l&rsquo;application des conditions d&#8217;emploi en vigueur dans le pays d&rsquo;accueil pour les missions temporaires transfrontali\u00e8res.<\/li>\n<li>Le RGPD s&rsquo;applique \u00e0 tous les traitements de donn\u00e9es relatives \u00e0 la paie concernant des salari\u00e9s de l&rsquo;UE et exige la mise en place de bases juridiques document\u00e9es, de d\u00e9clarations de confidentialit\u00e9, de m\u00e9canismes de transfert de donn\u00e9es et de calendriers de conservation.<\/li>\n<li>La mise en conformit\u00e9 de fin d&rsquo;ann\u00e9e implique, dans chaque pays, des obligations distinctes en mati\u00e8re de d\u00e9claration, de rapprochement et de relev\u00e9s des salari\u00e9s, dont les d\u00e9lais et les formats sont fix\u00e9s par la l\u00e9gislation nationale.<\/li>\n<li>Une liste de contr\u00f4le structur\u00e9e en sept domaines, couvrant l&rsquo;enregistrement, les retenues \u00e0 la source, les cotisations sociales, les prestations sociales, les travailleurs d\u00e9tach\u00e9s, la protection des donn\u00e9es et les d\u00e9clarations de fin d&rsquo;ann\u00e9e, offre le cadre le plus fiable pour g\u00e9rer la conformit\u00e9 en mati\u00e8re de paie au sein de l&rsquo;UE.<\/li>\n<\/ul>\n","protected":false},"excerpt":{"rendered":"<p>EN BREF : L&rsquo;expansion sur les march\u00e9s europ\u00e9ens offre d&rsquo;importantes opportunit\u00e9s commerciales. Elle s&rsquo;accompagne toutefois&#8230;<\/p>\n","protected":false},"author":11,"featured_media":13637,"comment_status":"closed","ping_status":"closed","sticky":false,"template":"","format":"standard","meta":{"content-type":"","inline_featured_image":false,"footnotes":""},"categories":[96],"tags":[],"class_list":["post-13636","post","type-post","status-publish","format-standard","has-post-thumbnail","category-paie-mondiale"],"yoast_head":"<!-- This site is optimized with the Yoast SEO plugin v28.3 - https:\/\/yoast.com\/product\/yoast-seo-wordpress\/ -->\n<title>Liste de contr\u00f4le relative \u00e0 la conformit\u00e9 en mati\u00e8re de paie dans l&#039;UE pour les employeurs europ\u00e9ens<\/title>\n<meta name=\"description\" content=\"D\u00e9couvrez la liste de contr\u00f4le relative \u00e0 la conformit\u00e9 en mati\u00e8re de paie dans l&#039;UE, qui couvre les imp\u00f4ts, les dossiers des salari\u00e9s, les r\u00e8gles de paie et les principales exigences que les employeurs doivent conna\u00eetre avant de verser les salaires \u00e0 leurs salari\u00e9s en Europe.\" \/>\n<meta name=\"robots\" content=\"index, follow, max-snippet:-1, max-image-preview:large, max-video-preview:-1\" \/>\n<link rel=\"canonical\" href=\"https:\/\/www.applic8.com\/fr\/paie-mondiale\/liste-de-controle-relative-a-la-conformite-en-matiere-de-paie-dans-lue-ce-que-tout-employeur-doit-savoir-avant-de-verser-les-salaires-de-ses-salaries-en-europe\/\" \/>\n<meta property=\"og:locale\" content=\"fr_FR\" \/>\n<meta property=\"og:type\" content=\"article\" \/>\n<meta property=\"og:title\" content=\"Liste de contr\u00f4le relative \u00e0 la conformit\u00e9 en mati\u00e8re de paie dans l&#039;UE pour les employeurs europ\u00e9ens\" \/>\n<meta property=\"og:description\" content=\"D\u00e9couvrez la liste de contr\u00f4le relative \u00e0 la conformit\u00e9 en mati\u00e8re de paie dans l&#039;UE, qui couvre les imp\u00f4ts, les dossiers des salari\u00e9s, les r\u00e8gles de paie et les principales exigences que les employeurs doivent conna\u00eetre avant de verser les salaires \u00e0 leurs salari\u00e9s en Europe.\" \/>\n<meta property=\"og:url\" content=\"https:\/\/www.applic8.com\/fr\/paie-mondiale\/liste-de-controle-relative-a-la-conformite-en-matiere-de-paie-dans-lue-ce-que-tout-employeur-doit-savoir-avant-de-verser-les-salaires-de-ses-salaries-en-europe\/\" \/>\n<meta property=\"og:site_name\" content=\"Applic8\" \/>\n<meta property=\"article:published_time\" content=\"2026-08-26T08:17:19+00:00\" \/>\n<meta property=\"article:modified_time\" content=\"2026-09-04T06:44:01+00:00\" \/>\n<meta property=\"og:image\" content=\"https:\/\/www.applic8.com\/wp-content\/uploads\/2026\/08\/pexels-leeloothefirst-8962449-scaled.webp\" \/>\n\t<meta property=\"og:image:width\" content=\"2560\" \/>\n\t<meta property=\"og:image:height\" content=\"1709\" \/>\n\t<meta property=\"og:image:type\" content=\"image\/webp\" \/>\n<meta name=\"author\" content=\"Sacha Matos\" \/>\n<meta name=\"twitter:card\" content=\"summary_large_image\" \/>\n<meta name=\"twitter:label1\" content=\"\u00c9crit par\" \/>\n\t<meta name=\"twitter:data1\" content=\"Sacha Matos\" \/>\n\t<meta name=\"twitter:label2\" content=\"Dur\u00e9e de lecture estim\u00e9e\" \/>\n\t<meta name=\"twitter:data2\" content=\"15 minutes\" \/>\n<script type=\"application\/ld+json\" class=\"yoast-schema-graph\">{\"@context\":\"https:\\\/\\\/schema.org\",\"@graph\":[{\"@type\":\"Article\",\"@id\":\"https:\\\/\\\/www.applic8.com\\\/fr\\\/paie-mondiale\\\/liste-de-controle-relative-a-la-conformite-en-matiere-de-paie-dans-lue-ce-que-tout-employeur-doit-savoir-avant-de-verser-les-salaires-de-ses-salaries-en-europe\\\/#article\",\"isPartOf\":{\"@id\":\"https:\\\/\\\/www.applic8.com\\\/fr\\\/paie-mondiale\\\/liste-de-controle-relative-a-la-conformite-en-matiere-de-paie-dans-lue-ce-que-tout-employeur-doit-savoir-avant-de-verser-les-salaires-de-ses-salaries-en-europe\\\/\"},\"author\":{\"name\":\"Sacha Matos\",\"@id\":\"https:\\\/\\\/www.applic8.com\\\/fr\\\/#\\\/schema\\\/person\\\/c70aac563ef02b4867ae33fa28b074e2\"},\"headline\":\"Liste de contr\u00f4le relative \u00e0 la conformit\u00e9 en mati\u00e8re de paie dans l&rsquo;UE : ce que tout employeur doit savoir avant de verser les salaires de ses salari\u00e9s en Europe\",\"datePublished\":\"2026-08-26T08:17:19+00:00\",\"dateModified\":\"2026-09-04T06:44:01+00:00\",\"mainEntityOfPage\":{\"@id\":\"https:\\\/\\\/www.applic8.com\\\/fr\\\/paie-mondiale\\\/liste-de-controle-relative-a-la-conformite-en-matiere-de-paie-dans-lue-ce-que-tout-employeur-doit-savoir-avant-de-verser-les-salaires-de-ses-salaries-en-europe\\\/\"},\"wordCount\":3811,\"publisher\":{\"@id\":\"https:\\\/\\\/www.applic8.com\\\/fr\\\/#organization\"},\"image\":{\"@id\":\"https:\\\/\\\/www.applic8.com\\\/fr\\\/paie-mondiale\\\/liste-de-controle-relative-a-la-conformite-en-matiere-de-paie-dans-lue-ce-que-tout-employeur-doit-savoir-avant-de-verser-les-salaires-de-ses-salaries-en-europe\\\/#primaryimage\"},\"thumbnailUrl\":\"https:\\\/\\\/www.applic8.com\\\/wp-content\\\/uploads\\\/2026\\\/08\\\/pexels-leeloothefirst-8962449-scaled.webp\",\"articleSection\":[\"Paie mondiale\"],\"inLanguage\":\"fr-FR\"},{\"@type\":\"WebPage\",\"@id\":\"https:\\\/\\\/www.applic8.com\\\/fr\\\/paie-mondiale\\\/liste-de-controle-relative-a-la-conformite-en-matiere-de-paie-dans-lue-ce-que-tout-employeur-doit-savoir-avant-de-verser-les-salaires-de-ses-salaries-en-europe\\\/\",\"url\":\"https:\\\/\\\/www.applic8.com\\\/fr\\\/paie-mondiale\\\/liste-de-controle-relative-a-la-conformite-en-matiere-de-paie-dans-lue-ce-que-tout-employeur-doit-savoir-avant-de-verser-les-salaires-de-ses-salaries-en-europe\\\/\",\"name\":\"Liste de contr\u00f4le relative \u00e0 la conformit\u00e9 en mati\u00e8re de paie dans l'UE pour les employeurs europ\u00e9ens\",\"isPartOf\":{\"@id\":\"https:\\\/\\\/www.applic8.com\\\/fr\\\/#website\"},\"primaryImageOfPage\":{\"@id\":\"https:\\\/\\\/www.applic8.com\\\/fr\\\/paie-mondiale\\\/liste-de-controle-relative-a-la-conformite-en-matiere-de-paie-dans-lue-ce-que-tout-employeur-doit-savoir-avant-de-verser-les-salaires-de-ses-salaries-en-europe\\\/#primaryimage\"},\"image\":{\"@id\":\"https:\\\/\\\/www.applic8.com\\\/fr\\\/paie-mondiale\\\/liste-de-controle-relative-a-la-conformite-en-matiere-de-paie-dans-lue-ce-que-tout-employeur-doit-savoir-avant-de-verser-les-salaires-de-ses-salaries-en-europe\\\/#primaryimage\"},\"thumbnailUrl\":\"https:\\\/\\\/www.applic8.com\\\/wp-content\\\/uploads\\\/2026\\\/08\\\/pexels-leeloothefirst-8962449-scaled.webp\",\"datePublished\":\"2026-08-26T08:17:19+00:00\",\"dateModified\":\"2026-09-04T06:44:01+00:00\",\"description\":\"D\u00e9couvrez la liste de contr\u00f4le relative \u00e0 la conformit\u00e9 en mati\u00e8re de paie dans l'UE, qui couvre les imp\u00f4ts, les dossiers des salari\u00e9s, les r\u00e8gles de paie et les principales exigences que les employeurs doivent conna\u00eetre avant de verser les salaires \u00e0 leurs salari\u00e9s en Europe.\",\"breadcrumb\":{\"@id\":\"https:\\\/\\\/www.applic8.com\\\/fr\\\/paie-mondiale\\\/liste-de-controle-relative-a-la-conformite-en-matiere-de-paie-dans-lue-ce-que-tout-employeur-doit-savoir-avant-de-verser-les-salaires-de-ses-salaries-en-europe\\\/#breadcrumb\"},\"inLanguage\":\"fr-FR\",\"potentialAction\":[{\"@type\":\"ReadAction\",\"target\":[\"https:\\\/\\\/www.applic8.com\\\/fr\\\/paie-mondiale\\\/liste-de-controle-relative-a-la-conformite-en-matiere-de-paie-dans-lue-ce-que-tout-employeur-doit-savoir-avant-de-verser-les-salaires-de-ses-salaries-en-europe\\\/\"]}]},{\"@type\":\"ImageObject\",\"inLanguage\":\"fr-FR\",\"@id\":\"https:\\\/\\\/www.applic8.com\\\/fr\\\/paie-mondiale\\\/liste-de-controle-relative-a-la-conformite-en-matiere-de-paie-dans-lue-ce-que-tout-employeur-doit-savoir-avant-de-verser-les-salaires-de-ses-salaries-en-europe\\\/#primaryimage\",\"url\":\"https:\\\/\\\/www.applic8.com\\\/wp-content\\\/uploads\\\/2026\\\/08\\\/pexels-leeloothefirst-8962449-scaled.webp\",\"contentUrl\":\"https:\\\/\\\/www.applic8.com\\\/wp-content\\\/uploads\\\/2026\\\/08\\\/pexels-leeloothefirst-8962449-scaled.webp\",\"width\":2560,\"height\":1709,\"caption\":\"Liste de contr\u00f4le relative \u00e0 la conformit\u00e9 en mati\u00e8re de paie dans l'UE, r\u00e9pertoriant les dossiers essentiels li\u00e9s \u00e0 la paie et \u00e0 la fiscalit\u00e9 pour les entreprises europ\u00e9ennes\"},{\"@type\":\"BreadcrumbList\",\"@id\":\"https:\\\/\\\/www.applic8.com\\\/fr\\\/paie-mondiale\\\/liste-de-controle-relative-a-la-conformite-en-matiere-de-paie-dans-lue-ce-que-tout-employeur-doit-savoir-avant-de-verser-les-salaires-de-ses-salaries-en-europe\\\/#breadcrumb\",\"itemListElement\":[{\"@type\":\"ListItem\",\"position\":1,\"name\":\"Home\",\"item\":\"https:\\\/\\\/www.applic8.com\\\/fr\\\/\"},{\"@type\":\"ListItem\",\"position\":2,\"name\":\"Paie mondiale\",\"item\":\"https:\\\/\\\/www.applic8.com\\\/fr\\\/blog\\\/paie-mondiale\\\/\"},{\"@type\":\"ListItem\",\"position\":3,\"name\":\"Liste de contr\u00f4le relative \u00e0 la conformit\u00e9 en mati\u00e8re de paie dans l&#8217;UE : ce que tout employeur doit savoir avant de verser les salaires de ses salari\u00e9s en Europe\"}]},{\"@type\":\"WebSite\",\"@id\":\"https:\\\/\\\/www.applic8.com\\\/fr\\\/#website\",\"url\":\"https:\\\/\\\/www.applic8.com\\\/fr\\\/\",\"name\":\"Applic8\",\"description\":\"The HR Cloud Company\",\"publisher\":{\"@id\":\"https:\\\/\\\/www.applic8.com\\\/fr\\\/#organization\"},\"potentialAction\":[{\"@type\":\"SearchAction\",\"target\":{\"@type\":\"EntryPoint\",\"urlTemplate\":\"https:\\\/\\\/www.applic8.com\\\/fr\\\/?s={search_term_string}\"},\"query-input\":{\"@type\":\"PropertyValueSpecification\",\"valueRequired\":true,\"valueName\":\"search_term_string\"}}],\"inLanguage\":\"fr-FR\"},{\"@type\":\"Organization\",\"@id\":\"https:\\\/\\\/www.applic8.com\\\/fr\\\/#organization\",\"name\":\"Applic8\",\"url\":\"https:\\\/\\\/www.applic8.com\\\/fr\\\/\",\"logo\":{\"@type\":\"ImageObject\",\"inLanguage\":\"fr-FR\",\"@id\":\"https:\\\/\\\/www.applic8.com\\\/fr\\\/#\\\/schema\\\/logo\\\/image\\\/\",\"url\":\"https:\\\/\\\/www.applic8.com\\\/wp-content\\\/uploads\\\/2022\\\/09\\\/applic8_logo_dark.svg\",\"contentUrl\":\"https:\\\/\\\/www.applic8.com\\\/wp-content\\\/uploads\\\/2022\\\/09\\\/applic8_logo_dark.svg\",\"width\":\"1024\",\"height\":\"1024\",\"caption\":\"Applic8\"},\"image\":{\"@id\":\"https:\\\/\\\/www.applic8.com\\\/fr\\\/#\\\/schema\\\/logo\\\/image\\\/\"},\"sameAs\":[\"https:\\\/\\\/www.linkedin.com\\\/company\\\/applic8-sa\\\/\"]},{\"@type\":\"Person\",\"@id\":\"https:\\\/\\\/www.applic8.com\\\/fr\\\/#\\\/schema\\\/person\\\/c70aac563ef02b4867ae33fa28b074e2\",\"name\":\"Sacha Matos\",\"image\":{\"@type\":\"ImageObject\",\"inLanguage\":\"fr-FR\",\"@id\":\"https:\\\/\\\/secure.gravatar.com\\\/avatar\\\/2a4837ef5cdb4fba25763af414e1b814e0ba31d5af8ff930b341c05ce5be9360?s=96&d=mm&r=g\",\"url\":\"https:\\\/\\\/secure.gravatar.com\\\/avatar\\\/2a4837ef5cdb4fba25763af414e1b814e0ba31d5af8ff930b341c05ce5be9360?s=96&d=mm&r=g\",\"contentUrl\":\"https:\\\/\\\/secure.gravatar.com\\\/avatar\\\/2a4837ef5cdb4fba25763af414e1b814e0ba31d5af8ff930b341c05ce5be9360?s=96&d=mm&r=g\",\"caption\":\"Sacha Matos\"},\"description\":\"Sacha is Head of Marketing at Applic8. Born and raised in Switzerland, he studied at HEC Lausanne before completing a Master's in Entrepreneurship at Esade in Barcelona. Prior to joining Applic8, Sacha worked in the sales industry in Barcelona and in the finance industry in Hong Kong, giving him a unique background with diverse experiences.\",\"sameAs\":[\"https:\\\/\\\/www.linkedin.com\\\/in\\\/sacha-r-3b6077245\\\/\"],\"url\":\"https:\\\/\\\/www.applic8.com\\\/fr\\\/author\\\/sacha-matos\\\/\"}]}<\/script>\n<!-- \/ Yoast SEO plugin. -->","yoast_head_json":{"title":"Liste de contr\u00f4le relative \u00e0 la conformit\u00e9 en mati\u00e8re de paie dans l'UE pour les employeurs europ\u00e9ens","description":"D\u00e9couvrez la liste de contr\u00f4le relative \u00e0 la conformit\u00e9 en mati\u00e8re de paie dans l'UE, qui couvre les imp\u00f4ts, les dossiers des salari\u00e9s, les r\u00e8gles de paie et les principales exigences que les employeurs doivent conna\u00eetre avant de verser les salaires \u00e0 leurs salari\u00e9s en Europe.","robots":{"index":"index","follow":"follow","max-snippet":"max-snippet:-1","max-image-preview":"max-image-preview:large","max-video-preview":"max-video-preview:-1"},"canonical":"https:\/\/www.applic8.com\/fr\/paie-mondiale\/liste-de-controle-relative-a-la-conformite-en-matiere-de-paie-dans-lue-ce-que-tout-employeur-doit-savoir-avant-de-verser-les-salaires-de-ses-salaries-en-europe\/","og_locale":"fr_FR","og_type":"article","og_title":"Liste de contr\u00f4le relative \u00e0 la conformit\u00e9 en mati\u00e8re de paie dans l'UE pour les employeurs europ\u00e9ens","og_description":"D\u00e9couvrez la liste de contr\u00f4le relative \u00e0 la conformit\u00e9 en mati\u00e8re de paie dans l'UE, qui couvre les imp\u00f4ts, les dossiers des salari\u00e9s, les r\u00e8gles de paie et les principales exigences que les employeurs doivent conna\u00eetre avant de verser les salaires \u00e0 leurs salari\u00e9s en Europe.","og_url":"https:\/\/www.applic8.com\/fr\/paie-mondiale\/liste-de-controle-relative-a-la-conformite-en-matiere-de-paie-dans-lue-ce-que-tout-employeur-doit-savoir-avant-de-verser-les-salaires-de-ses-salaries-en-europe\/","og_site_name":"Applic8","article_published_time":"2026-08-26T08:17:19+00:00","article_modified_time":"2026-09-04T06:44:01+00:00","og_image":[{"width":2560,"height":1709,"url":"https:\/\/www.applic8.com\/wp-content\/uploads\/2026\/08\/pexels-leeloothefirst-8962449-scaled.webp","type":"image\/webp"}],"author":"Sacha Matos","twitter_card":"summary_large_image","twitter_misc":{"\u00c9crit par":"Sacha Matos","Dur\u00e9e de lecture estim\u00e9e":"15 minutes"},"schema":{"@context":"https:\/\/schema.org","@graph":[{"@type":"Article","@id":"https:\/\/www.applic8.com\/fr\/paie-mondiale\/liste-de-controle-relative-a-la-conformite-en-matiere-de-paie-dans-lue-ce-que-tout-employeur-doit-savoir-avant-de-verser-les-salaires-de-ses-salaries-en-europe\/#article","isPartOf":{"@id":"https:\/\/www.applic8.com\/fr\/paie-mondiale\/liste-de-controle-relative-a-la-conformite-en-matiere-de-paie-dans-lue-ce-que-tout-employeur-doit-savoir-avant-de-verser-les-salaires-de-ses-salaries-en-europe\/"},"author":{"name":"Sacha Matos","@id":"https:\/\/www.applic8.com\/fr\/#\/schema\/person\/c70aac563ef02b4867ae33fa28b074e2"},"headline":"Liste de contr\u00f4le relative \u00e0 la conformit\u00e9 en mati\u00e8re de paie dans l&rsquo;UE : ce que tout employeur doit savoir avant de verser les salaires de ses salari\u00e9s en Europe","datePublished":"2026-08-26T08:17:19+00:00","dateModified":"2026-09-04T06:44:01+00:00","mainEntityOfPage":{"@id":"https:\/\/www.applic8.com\/fr\/paie-mondiale\/liste-de-controle-relative-a-la-conformite-en-matiere-de-paie-dans-lue-ce-que-tout-employeur-doit-savoir-avant-de-verser-les-salaires-de-ses-salaries-en-europe\/"},"wordCount":3811,"publisher":{"@id":"https:\/\/www.applic8.com\/fr\/#organization"},"image":{"@id":"https:\/\/www.applic8.com\/fr\/paie-mondiale\/liste-de-controle-relative-a-la-conformite-en-matiere-de-paie-dans-lue-ce-que-tout-employeur-doit-savoir-avant-de-verser-les-salaires-de-ses-salaries-en-europe\/#primaryimage"},"thumbnailUrl":"https:\/\/www.applic8.com\/wp-content\/uploads\/2026\/08\/pexels-leeloothefirst-8962449-scaled.webp","articleSection":["Paie mondiale"],"inLanguage":"fr-FR"},{"@type":"WebPage","@id":"https:\/\/www.applic8.com\/fr\/paie-mondiale\/liste-de-controle-relative-a-la-conformite-en-matiere-de-paie-dans-lue-ce-que-tout-employeur-doit-savoir-avant-de-verser-les-salaires-de-ses-salaries-en-europe\/","url":"https:\/\/www.applic8.com\/fr\/paie-mondiale\/liste-de-controle-relative-a-la-conformite-en-matiere-de-paie-dans-lue-ce-que-tout-employeur-doit-savoir-avant-de-verser-les-salaires-de-ses-salaries-en-europe\/","name":"Liste de contr\u00f4le relative \u00e0 la conformit\u00e9 en mati\u00e8re de paie dans l'UE pour les employeurs europ\u00e9ens","isPartOf":{"@id":"https:\/\/www.applic8.com\/fr\/#website"},"primaryImageOfPage":{"@id":"https:\/\/www.applic8.com\/fr\/paie-mondiale\/liste-de-controle-relative-a-la-conformite-en-matiere-de-paie-dans-lue-ce-que-tout-employeur-doit-savoir-avant-de-verser-les-salaires-de-ses-salaries-en-europe\/#primaryimage"},"image":{"@id":"https:\/\/www.applic8.com\/fr\/paie-mondiale\/liste-de-controle-relative-a-la-conformite-en-matiere-de-paie-dans-lue-ce-que-tout-employeur-doit-savoir-avant-de-verser-les-salaires-de-ses-salaries-en-europe\/#primaryimage"},"thumbnailUrl":"https:\/\/www.applic8.com\/wp-content\/uploads\/2026\/08\/pexels-leeloothefirst-8962449-scaled.webp","datePublished":"2026-08-26T08:17:19+00:00","dateModified":"2026-09-04T06:44:01+00:00","description":"D\u00e9couvrez la liste de contr\u00f4le relative \u00e0 la conformit\u00e9 en mati\u00e8re de paie dans l'UE, qui couvre les imp\u00f4ts, les dossiers des salari\u00e9s, les r\u00e8gles de paie et les principales exigences que les employeurs doivent conna\u00eetre avant de verser les salaires \u00e0 leurs salari\u00e9s en Europe.","breadcrumb":{"@id":"https:\/\/www.applic8.com\/fr\/paie-mondiale\/liste-de-controle-relative-a-la-conformite-en-matiere-de-paie-dans-lue-ce-que-tout-employeur-doit-savoir-avant-de-verser-les-salaires-de-ses-salaries-en-europe\/#breadcrumb"},"inLanguage":"fr-FR","potentialAction":[{"@type":"ReadAction","target":["https:\/\/www.applic8.com\/fr\/paie-mondiale\/liste-de-controle-relative-a-la-conformite-en-matiere-de-paie-dans-lue-ce-que-tout-employeur-doit-savoir-avant-de-verser-les-salaires-de-ses-salaries-en-europe\/"]}]},{"@type":"ImageObject","inLanguage":"fr-FR","@id":"https:\/\/www.applic8.com\/fr\/paie-mondiale\/liste-de-controle-relative-a-la-conformite-en-matiere-de-paie-dans-lue-ce-que-tout-employeur-doit-savoir-avant-de-verser-les-salaires-de-ses-salaries-en-europe\/#primaryimage","url":"https:\/\/www.applic8.com\/wp-content\/uploads\/2026\/08\/pexels-leeloothefirst-8962449-scaled.webp","contentUrl":"https:\/\/www.applic8.com\/wp-content\/uploads\/2026\/08\/pexels-leeloothefirst-8962449-scaled.webp","width":2560,"height":1709,"caption":"Liste de contr\u00f4le relative \u00e0 la conformit\u00e9 en mati\u00e8re de paie dans l'UE, r\u00e9pertoriant les dossiers essentiels li\u00e9s \u00e0 la paie et \u00e0 la fiscalit\u00e9 pour les entreprises europ\u00e9ennes"},{"@type":"BreadcrumbList","@id":"https:\/\/www.applic8.com\/fr\/paie-mondiale\/liste-de-controle-relative-a-la-conformite-en-matiere-de-paie-dans-lue-ce-que-tout-employeur-doit-savoir-avant-de-verser-les-salaires-de-ses-salaries-en-europe\/#breadcrumb","itemListElement":[{"@type":"ListItem","position":1,"name":"Home","item":"https:\/\/www.applic8.com\/fr\/"},{"@type":"ListItem","position":2,"name":"Paie mondiale","item":"https:\/\/www.applic8.com\/fr\/blog\/paie-mondiale\/"},{"@type":"ListItem","position":3,"name":"Liste de contr\u00f4le relative \u00e0 la conformit\u00e9 en mati\u00e8re de paie dans l&#8217;UE : ce que tout employeur doit savoir avant de verser les salaires de ses salari\u00e9s en Europe"}]},{"@type":"WebSite","@id":"https:\/\/www.applic8.com\/fr\/#website","url":"https:\/\/www.applic8.com\/fr\/","name":"Applic8","description":"The HR Cloud Company","publisher":{"@id":"https:\/\/www.applic8.com\/fr\/#organization"},"potentialAction":[{"@type":"SearchAction","target":{"@type":"EntryPoint","urlTemplate":"https:\/\/www.applic8.com\/fr\/?s={search_term_string}"},"query-input":{"@type":"PropertyValueSpecification","valueRequired":true,"valueName":"search_term_string"}}],"inLanguage":"fr-FR"},{"@type":"Organization","@id":"https:\/\/www.applic8.com\/fr\/#organization","name":"Applic8","url":"https:\/\/www.applic8.com\/fr\/","logo":{"@type":"ImageObject","inLanguage":"fr-FR","@id":"https:\/\/www.applic8.com\/fr\/#\/schema\/logo\/image\/","url":"https:\/\/www.applic8.com\/wp-content\/uploads\/2022\/09\/applic8_logo_dark.svg","contentUrl":"https:\/\/www.applic8.com\/wp-content\/uploads\/2022\/09\/applic8_logo_dark.svg","width":"1024","height":"1024","caption":"Applic8"},"image":{"@id":"https:\/\/www.applic8.com\/fr\/#\/schema\/logo\/image\/"},"sameAs":["https:\/\/www.linkedin.com\/company\/applic8-sa\/"]},{"@type":"Person","@id":"https:\/\/www.applic8.com\/fr\/#\/schema\/person\/c70aac563ef02b4867ae33fa28b074e2","name":"Sacha Matos","image":{"@type":"ImageObject","inLanguage":"fr-FR","@id":"https:\/\/secure.gravatar.com\/avatar\/2a4837ef5cdb4fba25763af414e1b814e0ba31d5af8ff930b341c05ce5be9360?s=96&d=mm&r=g","url":"https:\/\/secure.gravatar.com\/avatar\/2a4837ef5cdb4fba25763af414e1b814e0ba31d5af8ff930b341c05ce5be9360?s=96&d=mm&r=g","contentUrl":"https:\/\/secure.gravatar.com\/avatar\/2a4837ef5cdb4fba25763af414e1b814e0ba31d5af8ff930b341c05ce5be9360?s=96&d=mm&r=g","caption":"Sacha Matos"},"description":"Sacha is Head of Marketing at Applic8. Born and raised in Switzerland, he studied at HEC Lausanne before completing a Master's in Entrepreneurship at Esade in Barcelona. Prior to joining Applic8, Sacha worked in the sales industry in Barcelona and in the finance industry in Hong Kong, giving him a unique background with diverse experiences.","sameAs":["https:\/\/www.linkedin.com\/in\/sacha-r-3b6077245\/"],"url":"https:\/\/www.applic8.com\/fr\/author\/sacha-matos\/"}]}},"_links":{"self":[{"href":"https:\/\/www.applic8.com\/fr\/wp-json\/wp\/v2\/posts\/13636","targetHints":{"allow":["GET"]}}],"collection":[{"href":"https:\/\/www.applic8.com\/fr\/wp-json\/wp\/v2\/posts"}],"about":[{"href":"https:\/\/www.applic8.com\/fr\/wp-json\/wp\/v2\/types\/post"}],"author":[{"embeddable":true,"href":"https:\/\/www.applic8.com\/fr\/wp-json\/wp\/v2\/users\/11"}],"replies":[{"embeddable":true,"href":"https:\/\/www.applic8.com\/fr\/wp-json\/wp\/v2\/comments?post=13636"}],"version-history":[{"count":1,"href":"https:\/\/www.applic8.com\/fr\/wp-json\/wp\/v2\/posts\/13636\/revisions"}],"predecessor-version":[{"id":13638,"href":"https:\/\/www.applic8.com\/fr\/wp-json\/wp\/v2\/posts\/13636\/revisions\/13638"}],"wp:featuredmedia":[{"embeddable":true,"href":"https:\/\/www.applic8.com\/fr\/wp-json\/wp\/v2\/media\/13637"}],"wp:attachment":[{"href":"https:\/\/www.applic8.com\/fr\/wp-json\/wp\/v2\/media?parent=13636"}],"wp:term":[{"taxonomy":"category","embeddable":true,"href":"https:\/\/www.applic8.com\/fr\/wp-json\/wp\/v2\/categories?post=13636"},{"taxonomy":"post_tag","embeddable":true,"href":"https:\/\/www.applic8.com\/fr\/wp-json\/wp\/v2\/tags?post=13636"}],"curies":[{"name":"wp","href":"https:\/\/api.w.org\/{rel}","templated":true}]}}