{"id":11183,"date":"2026-01-06T08:36:59","date_gmt":"2026-01-06T08:36:59","guid":{"rendered":"https:\/\/www.applic8.com\/non-categorise\/pourquoi-la-precision-des-salaires-suisses-est-importante-dans-les-operations-de-paie-internationales\/"},"modified":"2026-03-19T07:45:17","modified_gmt":"2026-03-19T07:45:17","slug":"pourquoi-la-precision-des-salaires-suisses-est-importante-dans-les-operations-de-paie-internationales","status":"publish","type":"post","link":"https:\/\/www.applic8.com\/fr\/paie-suisse\/pourquoi-la-precision-des-salaires-suisses-est-importante-dans-les-operations-de-paie-internationales\/","title":{"rendered":"Pourquoi la pr\u00e9cision des salaires suisses est importante dans les op\u00e9rations de paie internationales"},"content":{"rendered":"<p>&nbsp;<\/p>\n<p style=\"box-sizing: border-box; margin: 0px; padding: 0px 0px 27px; border: 0px; font-variant-ligatures: normal; font-variant-numeric: inherit; font-variant-east-asian: inherit; font-variant-alternates: inherit; font-variant-position: inherit; font-stretch: inherit; font-size: 18px; line-height: inherit; font-family: 'DM Sans'; font-optical-sizing: inherit; font-size-adjust: inherit; font-kerning: inherit; font-feature-settings: inherit; font-variation-settings: inherit; vertical-align: baseline; -webkit-font-smoothing: antialiased; color: #505050; orphans: 2; widows: 2; background-color: #ffffff; text-decoration-thickness: initial; text-decoration-style: initial; text-decoration-color: initial;\">La pr\u00e9cision des salaires suisses joue un r\u00f4le essentiel dans l&rsquo;efficacit\u00e9 des op\u00e9rations de paie \u00e0 l&rsquo;\u00e9chelle mondiale. L&rsquo;environnement salarial suisse est tr\u00e8s r\u00e9glement\u00e9, d\u00e9centralis\u00e9 et ax\u00e9 sur les d\u00e9tails. Les obligations en mati\u00e8re de paie recoupent le droit fiscal f\u00e9d\u00e9ral, les autorit\u00e9s fiscales cantonales, les institutions d&rsquo;assurance sociale et les prestataires de retraite professionnelle, qui op\u00e8rent chacun dans des cadres juridiques et des exigences de d\u00e9claration distincts.<\/p>\n<p style=\"box-sizing: border-box; margin: 0px; padding: 0px 0px 27px; border: 0px; font-variant-ligatures: normal; font-variant-numeric: inherit; font-variant-east-asian: inherit; font-variant-alternates: inherit; font-variant-position: inherit; font-stretch: inherit; font-size: 18px; line-height: inherit; font-family: 'DM Sans'; font-optical-sizing: inherit; font-size-adjust: inherit; font-kerning: inherit; font-feature-settings: inherit; font-variation-settings: inherit; vertical-align: baseline; -webkit-font-smoothing: antialiased; color: #505050; orphans: 2; widows: 2; background-color: #ffffff; text-decoration-thickness: initial; text-decoration-style: initial; text-decoration-color: initial;\">Pour les employeurs multinationaux, l&rsquo;exactitude des paies en Suisse n&rsquo;est pas seulement une question d&rsquo;efficacit\u00e9 op\u00e9rationnelle. Elle a une incidence directe sur la conformit\u00e9, l&rsquo;information financi\u00e8re, la confiance des employ\u00e9s et la pr\u00e9paration aux audits. Les erreurs dans les donn\u00e9es salariales peuvent entra\u00eener des retenues fiscales incorrectes, des calculs erron\u00e9s de cotisations sociales, des \u00e9carts dans les cotisations de retraite et des retards dans les d\u00e9clarations. \u00c0 long terme, ces probl\u00e8mes augmentent les risques r\u00e9glementaires et les co\u00fbts op\u00e9rationnels.<\/p>\n<p style=\"box-sizing: border-box; margin: 0px; padding: 0px 0px 27px; border: 0px; font-variant-ligatures: normal; font-variant-numeric: inherit; font-variant-east-asian: inherit; font-variant-alternates: inherit; font-variant-position: inherit; font-stretch: inherit; font-size: 18px; line-height: inherit; font-family: 'DM Sans'; font-optical-sizing: inherit; font-size-adjust: inherit; font-kerning: inherit; font-feature-settings: inherit; font-variation-settings: inherit; vertical-align: baseline; -webkit-font-smoothing: antialiased; color: #505050; orphans: 2; widows: 2; background-color: #ffffff; text-decoration-thickness: initial; text-decoration-style: initial; text-decoration-color: initial;\">Cet article explique pourquoi l&rsquo;exactitude des donn\u00e9es salariales suisses est fondamentale pour les op\u00e9rations de paie \u00e0 l&rsquo;\u00e9chelle mondiale, comment elle influence la conformit\u00e9 et le reporting, et quels sont les facteurs r\u00e9glementaires et techniques que les \u00e9quipes charg\u00e9es de la paie doivent comprendre pour g\u00e9rer correctement la paie en Suisse.<\/p>\n<h2 style=\"box-sizing: border-box; margin: 10px 0px 7px; padding: 0px; border: 0px; font-variant-ligatures: normal; font-variant-numeric: inherit; font-variant-east-asian: inherit; font-variant-alternates: inherit; font-variant-position: inherit; font-weight: 400; font-stretch: inherit; font-size: 48px; line-height: 55px; font-family: 'DM Sans'; font-optical-sizing: inherit; font-size-adjust: inherit; font-kerning: inherit; font-feature-settings: inherit; font-variation-settings: inherit; vertical-align: baseline; color: rgba(0, 0, 0, 0); -webkit-font-smoothing: antialiased; background: linear-gradient(to right, #000000, #666666) padding-box text #ffffff; orphans: 2; widows: 2; text-decoration-thickness: initial; text-decoration-style: initial; text-decoration-color: initial;\"><strong style=\"box-sizing: border-box; margin: 0px; padding: 0px; border: 0px; font-style: inherit; font-variant-ligatures: inherit; font-variant-caps: inherit; font-variant-alternates: inherit; font-variant-numeric: inherit; font-variant-east-asian: inherit; font-variant-position: inherit; font-stretch: inherit; font-size: inherit; line-height: inherit; font-optical-sizing: inherit; font-size-adjust: inherit; font-kerning: inherit; font-feature-settings: inherit; font-variation-settings: inherit; vertical-align: baseline;\">Le cadre r\u00e9glementaire suisse en mati\u00e8re de paie<\/strong><\/h2>\n<p>&nbsp;<\/p>\n<p style=\"box-sizing: border-box; margin: 0px; padding: 0px 0px 27px; border: 0px; font-variant-ligatures: normal; font-variant-numeric: inherit; font-variant-east-asian: inherit; font-variant-alternates: inherit; font-variant-position: inherit; font-stretch: inherit; font-size: 18px; line-height: inherit; font-family: 'DM Sans'; font-optical-sizing: inherit; font-size-adjust: inherit; font-kerning: inherit; font-feature-settings: inherit; font-variation-settings: inherit; vertical-align: baseline; -webkit-font-smoothing: antialiased; color: #505050; orphans: 2; widows: 2; background-color: #ffffff; text-decoration-thickness: initial; text-decoration-style: initial; text-decoration-color: initial;\"><strong style=\"box-sizing: border-box; margin: 0px; padding: 0px; border: 0px; font-style: inherit; font-variant-ligatures: inherit; font-variant-caps: inherit; font-variant-alternates: inherit; font-variant-numeric: inherit; font-variant-east-asian: inherit; font-variant-position: inherit; font-stretch: inherit; font-size: inherit; line-height: inherit; font-optical-sizing: inherit; font-size-adjust: inherit; font-kerning: inherit; font-feature-settings: inherit; font-variation-settings: inherit; vertical-align: baseline;\">Surveillance f\u00e9d\u00e9rale, cantonale et institutionnelle<\/strong><\/p>\n<p style=\"box-sizing: border-box; margin: 0px; padding: 0px 0px 27px; border: 0px; font-variant-ligatures: normal; font-variant-numeric: inherit; font-variant-east-asian: inherit; font-variant-alternates: inherit; font-variant-position: inherit; font-stretch: inherit; font-size: 18px; line-height: inherit; font-family: 'DM Sans'; font-optical-sizing: inherit; font-size-adjust: inherit; font-kerning: inherit; font-feature-settings: inherit; font-variation-settings: inherit; vertical-align: baseline; -webkit-font-smoothing: antialiased; color: #505050; orphans: 2; widows: 2; background-color: #ffffff; text-decoration-thickness: initial; text-decoration-style: initial; text-decoration-color: initial;\">La Suisse ne dispose pas d&rsquo;un organisme unique charg\u00e9 de r\u00e9glementer les salaires. Les obligations en mati\u00e8re de salaires sont r\u00e9gies par un cadre \u00e0 plusieurs niveaux dans lequel diff\u00e9rentes autorit\u00e9s exercent une surveillance sur des domaines sp\u00e9cifiques. La l\u00e9gislation fiscale f\u00e9d\u00e9rale \u00e9tablit les principes de base de l&rsquo;imposition des revenus, tandis que les autorit\u00e9s fiscales cantonales d\u00e9terminent les taux d&rsquo;imposition, les proc\u00e9dures de d\u00e9claration et les pratiques d&rsquo;application. Les offices de compensation des assurances sociales g\u00e8rent les cotisations obligatoires d&rsquo;assurance sociale, et les caisses de pension professionnelles supervisent les r\u00e9gimes de retraite parrain\u00e9s par les employeurs.<\/p>\n<p style=\"box-sizing: border-box; margin: 0px; padding: 0px 0px 27px; border: 0px; font-variant-ligatures: normal; font-variant-numeric: inherit; font-variant-east-asian: inherit; font-variant-alternates: inherit; font-variant-position: inherit; font-stretch: inherit; font-size: 18px; line-height: inherit; font-family: 'DM Sans'; font-optical-sizing: inherit; font-size-adjust: inherit; font-kerning: inherit; font-feature-settings: inherit; font-variation-settings: inherit; vertical-align: baseline; -webkit-font-smoothing: antialiased; color: #505050; orphans: 2; widows: 2; background-color: #ffffff; text-decoration-thickness: initial; text-decoration-style: initial; text-decoration-color: initial;\">Les donn\u00e9es relatives \u00e0 la paie ne sont pas automatiquement partag\u00e9es entre tous ces organismes. Chaque autorit\u00e9 ne re\u00e7oit que les informations n\u00e9cessaires \u00e0 l&rsquo;exercice de son mandat l\u00e9gal sp\u00e9cifique, souvent selon des calendriers diff\u00e9rents et par des canaux de communication diff\u00e9rents. Les employeurs doivent donc g\u00e9rer plusieurs obligations d\u00e9claratives parall\u00e8les plut\u00f4t que de s&rsquo;appuyer sur une seule d\u00e9claration de paie consolid\u00e9e. Il est essentiel de comprendre cette structure pour concevoir des processus de paie conformes et \u00e9viter les hypoth\u00e8ses erron\u00e9es concernant la couverture r\u00e9glementaire.<\/p>\n<h2 style=\"box-sizing: border-box; margin: 10px 0px 7px; padding: 0px; border: 0px; font-variant-ligatures: normal; font-variant-numeric: inherit; font-variant-east-asian: inherit; font-variant-alternates: inherit; font-variant-position: inherit; font-weight: 400; font-stretch: inherit; font-size: 48px; line-height: 55px; font-family: 'DM Sans'; font-optical-sizing: inherit; font-size-adjust: inherit; font-kerning: inherit; font-feature-settings: inherit; font-variation-settings: inherit; vertical-align: baseline; color: rgba(0, 0, 0, 0); -webkit-font-smoothing: antialiased; background: linear-gradient(to right, #000000, #666666) padding-box text #ffffff; orphans: 2; widows: 2; text-decoration-thickness: initial; text-decoration-style: initial; text-decoration-color: initial;\"><strong style=\"box-sizing: border-box; margin: 0px; padding: 0px; border: 0px; font-style: inherit; font-variant-ligatures: inherit; font-variant-caps: inherit; font-variant-alternates: inherit; font-variant-numeric: inherit; font-variant-east-asian: inherit; font-variant-position: inherit; font-stretch: inherit; font-size: inherit; line-height: inherit; font-optical-sizing: inherit; font-size-adjust: inherit; font-kerning: inherit; font-feature-settings: inherit; font-variation-settings: inherit; vertical-align: baseline;\">Cons\u00e9quences d&rsquo;une inexactitude dans le calcul des salaires en Suisse<\/strong><\/h2>\n<p>&nbsp;<\/p>\n<p style=\"box-sizing: border-box; margin: 0px; padding: 0px 0px 27px; border: 0px; font-variant-ligatures: normal; font-variant-numeric: inherit; font-variant-east-asian: inherit; font-variant-alternates: inherit; font-variant-position: inherit; font-stretch: inherit; font-size: 18px; line-height: inherit; font-family: 'DM Sans'; font-optical-sizing: inherit; font-size-adjust: inherit; font-kerning: inherit; font-feature-settings: inherit; font-variation-settings: inherit; vertical-align: baseline; -webkit-font-smoothing: antialiased; color: #505050; orphans: 2; widows: 2; background-color: #ffffff; text-decoration-thickness: initial; text-decoration-style: initial; text-decoration-color: initial;\"><strong style=\"box-sizing: border-box; margin: 0px; padding: 0px; border: 0px; font-style: inherit; font-variant-ligatures: inherit; font-variant-caps: inherit; font-variant-alternates: inherit; font-variant-numeric: inherit; font-variant-east-asian: inherit; font-variant-position: inherit; font-stretch: inherit; font-size: inherit; line-height: inherit; font-optical-sizing: inherit; font-size-adjust: inherit; font-kerning: inherit; font-feature-settings: inherit; font-variation-settings: inherit; vertical-align: baseline;\">Sanctions financi\u00e8res et co\u00fbts de remise en \u00e9tat<\/strong><\/p>\n<p style=\"box-sizing: border-box; margin: 0px; padding: 0px 0px 27px; border: 0px; font-variant-ligatures: normal; font-variant-numeric: inherit; font-variant-east-asian: inherit; font-variant-alternates: inherit; font-variant-position: inherit; font-stretch: inherit; font-size: 18px; line-height: inherit; font-family: 'DM Sans'; font-optical-sizing: inherit; font-size-adjust: inherit; font-kerning: inherit; font-feature-settings: inherit; font-variation-settings: inherit; vertical-align: baseline; -webkit-font-smoothing: antialiased; color: #505050; orphans: 2; widows: 2; background-color: #ffffff; text-decoration-thickness: initial; text-decoration-style: initial; text-decoration-color: initial;\">En Suisse, les inexactitudes dans les salaires peuvent avoir des cons\u00e9quences financi\u00e8res qui varient en fonction de l&rsquo;autorit\u00e9 concern\u00e9e et de la nature de l&rsquo;erreur. Des retenues fiscales incorrectes peuvent entra\u00eener des redressements r\u00e9troactifs et des int\u00e9r\u00eats. Des erreurs dans les cotisations sociales peuvent entra\u00eener des paiements r\u00e9troactifs et des sanctions administratives. Les erreurs dans les cotisations de retraite peuvent n\u00e9cessiter des paiements correctifs aux caisses de retraite et des ajustements dans les dossiers des avantages sociaux des employ\u00e9s.<\/p>\n<p style=\"box-sizing: border-box; margin: 0px; padding: 0px 0px 27px; border: 0px; font-variant-ligatures: normal; font-variant-numeric: inherit; font-variant-east-asian: inherit; font-variant-alternates: inherit; font-variant-position: inherit; font-stretch: inherit; font-size: 18px; line-height: inherit; font-family: 'DM Sans'; font-optical-sizing: inherit; font-size-adjust: inherit; font-kerning: inherit; font-feature-settings: inherit; font-variation-settings: inherit; vertical-align: baseline; -webkit-font-smoothing: antialiased; color: #505050; orphans: 2; widows: 2; background-color: #ffffff; text-decoration-thickness: initial; text-decoration-style: initial; text-decoration-color: initial;\">Au-del\u00e0 des p\u00e9nalit\u00e9s directes, les inexactitudes g\u00e9n\u00e8rent souvent des co\u00fbts suppl\u00e9mentaires li\u00e9s aux mesures correctives. Il peut s&rsquo;agir notamment de retraitements de la paie, de communications et de corrections aupr\u00e8s des employ\u00e9s, de travaux de rapprochement prolong\u00e9s et du recours \u00e0 des conseillers externes. Dans un environnement de paie mondial, m\u00eame de petites erreurs peuvent avoir des r\u00e9percussions en cascade sur les syst\u00e8mes et les juridictions, ce qui augmente consid\u00e9rablement le co\u00fbt total de la r\u00e9solution.<\/p>\n<p style=\"box-sizing: border-box; margin: 0px; padding: 0px 0px 27px; border: 0px; font-variant-ligatures: normal; font-variant-numeric: inherit; font-variant-east-asian: inherit; font-variant-alternates: inherit; font-variant-position: inherit; font-stretch: inherit; font-size: 18px; line-height: inherit; font-family: 'DM Sans'; font-optical-sizing: inherit; font-size-adjust: inherit; font-kerning: inherit; font-feature-settings: inherit; font-variation-settings: inherit; vertical-align: baseline; -webkit-font-smoothing: antialiased; color: #505050; orphans: 2; widows: 2; background-color: #ffffff; text-decoration-thickness: initial; text-decoration-style: initial; text-decoration-color: initial;\"><strong style=\"box-sizing: border-box; margin: 0px; padding: 0px; border: 0px; font-style: inherit; font-variant-ligatures: inherit; font-variant-caps: inherit; font-variant-alternates: inherit; font-variant-numeric: inherit; font-variant-east-asian: inherit; font-variant-position: inherit; font-stretch: inherit; font-size: inherit; line-height: inherit; font-optical-sizing: inherit; font-size-adjust: inherit; font-kerning: inherit; font-feature-settings: inherit; font-variation-settings: inherit; vertical-align: baseline;\">Risques li\u00e9s \u00e0 l&rsquo;audit et perturbations op\u00e9rationnelles<\/strong><\/p>\n<p style=\"box-sizing: border-box; margin: 0px; padding: 0px 0px 27px; border: 0px; font-variant-ligatures: normal; font-variant-numeric: inherit; font-variant-east-asian: inherit; font-variant-alternates: inherit; font-variant-position: inherit; font-stretch: inherit; font-size: 18px; line-height: inherit; font-family: 'DM Sans'; font-optical-sizing: inherit; font-size-adjust: inherit; font-kerning: inherit; font-feature-settings: inherit; font-variation-settings: inherit; vertical-align: baseline; -webkit-font-smoothing: antialiased; color: #505050; orphans: 2; widows: 2; background-color: #ffffff; text-decoration-thickness: initial; text-decoration-style: initial; text-decoration-color: initial;\">En Suisse, les audits sont r\u00e9alis\u00e9s par diff\u00e9rentes autorit\u00e9s selon le sujet trait\u00e9. Les audits fiscaux sont effectu\u00e9s par les autorit\u00e9s fiscales cantonales ou f\u00e9d\u00e9rales. Les audits des assurances sociales sont r\u00e9alis\u00e9s par les offices de compensation. Les caisses de pension professionnelles peuvent \u00e9galement proc\u00e9der \u00e0 des contr\u00f4les ind\u00e9pendants de l&rsquo;exactitude des cotisations.<\/p>\n<p style=\"box-sizing: border-box; margin: 0px; padding: 0px 0px 27px; border: 0px; font-variant-ligatures: normal; font-variant-numeric: inherit; font-variant-east-asian: inherit; font-variant-alternates: inherit; font-variant-position: inherit; font-stretch: inherit; font-size: 18px; line-height: inherit; font-family: 'DM Sans'; font-optical-sizing: inherit; font-size-adjust: inherit; font-kerning: inherit; font-feature-settings: inherit; font-variation-settings: inherit; vertical-align: baseline; -webkit-font-smoothing: antialiased; color: #505050; orphans: 2; widows: 2; background-color: #ffffff; text-decoration-thickness: initial; text-decoration-style: initial; text-decoration-color: initial;\">Ces audits se concentrent principalement sur l&rsquo;exactitude et l&rsquo;exhaustivit\u00e9 des donn\u00e9es d\u00e9clar\u00e9es plut\u00f4t que sur les cadres de gouvernance interne. Cependant, une documentation insuffisante, des processus peu clairs ou des donn\u00e9es incoh\u00e9rentes peuvent allonger les d\u00e9lais d&rsquo;audit et accro\u00eetre la rigueur des contr\u00f4les. Des donn\u00e9es salariales pr\u00e9cises, \u00e9tay\u00e9es par des registres et des rapprochements clairs, r\u00e9duisent les perturbations op\u00e9rationnelles et permettent une r\u00e9solution plus rapide des audits.<\/p>\n<h2 style=\"box-sizing: border-box; margin: 10px 0px 7px; padding: 0px; border: 0px; font-variant-ligatures: normal; font-variant-numeric: inherit; font-variant-east-asian: inherit; font-variant-alternates: inherit; font-variant-position: inherit; font-weight: 400; font-stretch: inherit; font-size: 48px; line-height: 55px; font-family: 'DM Sans'; font-optical-sizing: inherit; font-size-adjust: inherit; font-kerning: inherit; font-feature-settings: inherit; font-variation-settings: inherit; vertical-align: baseline; color: rgba(0, 0, 0, 0); -webkit-font-smoothing: antialiased; background: linear-gradient(to right, #000000, #666666) padding-box text #ffffff; orphans: 2; widows: 2; text-decoration-thickness: initial; text-decoration-style: initial; text-decoration-color: initial;\"><strong style=\"box-sizing: border-box; margin: 0px; padding: 0px; border: 0px; font-style: inherit; font-variant-ligatures: inherit; font-variant-caps: inherit; font-variant-alternates: inherit; font-variant-numeric: inherit; font-variant-east-asian: inherit; font-variant-position: inherit; font-stretch: inherit; font-size: inherit; line-height: inherit; font-optical-sizing: inherit; font-size-adjust: inherit; font-kerning: inherit; font-feature-settings: inherit; font-variation-settings: inherit; vertical-align: baseline;\">Exactitude des salaires suisses et d\u00e9claration transfrontali\u00e8re des salaires<\/strong><\/h2>\n<p>&nbsp;<\/p>\n<p style=\"box-sizing: border-box; margin: 0px; padding: 0px 0px 27px; border: 0px; font-variant-ligatures: normal; font-variant-numeric: inherit; font-variant-east-asian: inherit; font-variant-alternates: inherit; font-variant-position: inherit; font-stretch: inherit; font-size: 18px; line-height: inherit; font-family: 'DM Sans'; font-optical-sizing: inherit; font-size-adjust: inherit; font-kerning: inherit; font-feature-settings: inherit; font-variation-settings: inherit; vertical-align: baseline; -webkit-font-smoothing: antialiased; color: #505050; orphans: 2; widows: 2; background-color: #ffffff; text-decoration-thickness: initial; text-decoration-style: initial; text-decoration-color: initial;\"><strong style=\"box-sizing: border-box; margin: 0px; padding: 0px; border: 0px; font-style: inherit; font-variant-ligatures: inherit; font-variant-caps: inherit; font-variant-alternates: inherit; font-variant-numeric: inherit; font-variant-east-asian: inherit; font-variant-position: inherit; font-stretch: inherit; font-size: inherit; line-height: inherit; font-optical-sizing: inherit; font-size-adjust: inherit; font-kerning: inherit; font-feature-settings: inherit; font-variation-settings: inherit; vertical-align: baseline;\">Importance de la coh\u00e9rence des donn\u00e9es de base<\/strong><\/p>\n<p style=\"box-sizing: border-box; margin: 0px; padding: 0px 0px 27px; border: 0px; font-variant-ligatures: normal; font-variant-numeric: inherit; font-variant-east-asian: inherit; font-variant-alternates: inherit; font-variant-position: inherit; font-stretch: inherit; font-size: 18px; line-height: inherit; font-family: 'DM Sans'; font-optical-sizing: inherit; font-size-adjust: inherit; font-kerning: inherit; font-feature-settings: inherit; font-variation-settings: inherit; vertical-align: baseline; -webkit-font-smoothing: antialiased; color: #505050; orphans: 2; widows: 2; background-color: #ffffff; text-decoration-thickness: initial; text-decoration-style: initial; text-decoration-color: initial;\">Des donn\u00e9es salariales suisses pr\u00e9cises sont essentielles pour \u00e9tablir des rapports salariaux transfrontaliers fiables. Les organisations multinationales consolident souvent les informations salariales de diff\u00e9rentes juridictions \u00e0 des fins de cl\u00f4ture financi\u00e8re, de reporting r\u00e9glementaire et d&rsquo;analyse de gestion interne. Des donn\u00e9es suisses inexactes ou incoh\u00e9rentes peuvent entra\u00eener des probl\u00e8mes de rapprochement entre les syst\u00e8mes de paie, les plateformes RH et les comptes du grand livre g\u00e9n\u00e9ral.<\/p>\n<p style=\"box-sizing: border-box; margin: 0px; padding: 0px 0px 27px; border: 0px; font-variant-ligatures: normal; font-variant-numeric: inherit; font-variant-east-asian: inherit; font-variant-alternates: inherit; font-variant-position: inherit; font-stretch: inherit; font-size: 18px; line-height: inherit; font-family: 'DM Sans'; font-optical-sizing: inherit; font-size-adjust: inherit; font-kerning: inherit; font-feature-settings: inherit; font-variation-settings: inherit; vertical-align: baseline; -webkit-font-smoothing: antialiased; color: #505050; orphans: 2; widows: 2; background-color: #ffffff; text-decoration-thickness: initial; text-decoration-style: initial; text-decoration-color: initial;\">Les \u00e9l\u00e9ments de donn\u00e9es fondamentaux tels que les identifiants des employ\u00e9s, leur lieu de r\u00e9sidence et leur lieu de travail, leur classification fiscale, leurs informations d&rsquo;inscription \u00e0 la s\u00e9curit\u00e9 sociale, leur \u00e9ligibilit\u00e9 \u00e0 la retraite et les composantes de leur r\u00e9mun\u00e9ration doivent rester coh\u00e9rents d&rsquo;un syst\u00e8me \u00e0 l&rsquo;autre. Les erreurs dans ces domaines peuvent se propager \u00e0 l&rsquo;ensemble de l&rsquo;\u00e9cosyst\u00e8me de la paie et des finances, retardant la transmission des rapports aux autorit\u00e9s et nuisant \u00e0 la qualit\u00e9 des rapports financiers.<\/p>\n<p style=\"box-sizing: border-box; margin: 0px; padding: 0px 0px 27px; border: 0px; font-variant-ligatures: normal; font-variant-numeric: inherit; font-variant-east-asian: inherit; font-variant-alternates: inherit; font-variant-position: inherit; font-stretch: inherit; font-size: 18px; line-height: inherit; font-family: 'DM Sans'; font-optical-sizing: inherit; font-size-adjust: inherit; font-kerning: inherit; font-feature-settings: inherit; font-variation-settings: inherit; vertical-align: baseline; -webkit-font-smoothing: antialiased; color: #505050; orphans: 2; widows: 2; background-color: #ffffff; text-decoration-thickness: initial; text-decoration-style: initial; text-decoration-color: initial;\"><strong style=\"box-sizing: border-box; margin: 0px; padding: 0px; border: 0px; font-style: inherit; font-variant-ligatures: inherit; font-variant-caps: inherit; font-variant-alternates: inherit; font-variant-numeric: inherit; font-variant-east-asian: inherit; font-variant-position: inherit; font-stretch: inherit; font-size: inherit; line-height: inherit; font-optical-sizing: inherit; font-size-adjust: inherit; font-kerning: inherit; font-feature-settings: inherit; font-variation-settings: inherit; vertical-align: baseline;\">\u00c9viter les risques li\u00e9s \u00e0 la protection des donn\u00e9es<\/strong><\/p>\n<p style=\"box-sizing: border-box; margin: 0px; padding: 0px 0px 27px; border: 0px; font-variant-ligatures: normal; font-variant-numeric: inherit; font-variant-east-asian: inherit; font-variant-alternates: inherit; font-variant-position: inherit; font-stretch: inherit; font-size: 18px; line-height: inherit; font-family: 'DM Sans'; font-optical-sizing: inherit; font-size-adjust: inherit; font-kerning: inherit; font-feature-settings: inherit; font-variation-settings: inherit; vertical-align: baseline; -webkit-font-smoothing: antialiased; color: #505050; orphans: 2; widows: 2; background-color: #ffffff; text-decoration-thickness: initial; text-decoration-style: initial; text-decoration-color: initial;\">Les inexactitudes dans les donn\u00e9es ne constituent pas automatiquement des violations de la loi suisse sur la protection des donn\u00e9es ou du RGPD. Cependant, des donn\u00e9es salariales incorrectes ou incoh\u00e9rentes peuvent augmenter le risque de traitement ill\u00e9gal, d&rsquo;acc\u00e8s inappropri\u00e9 ou de transferts transfrontaliers incorrects. Le maintien d&rsquo;informations salariales exactes et \u00e0 jour favorise un traitement l\u00e9gal et r\u00e9duit le risque d&rsquo;incidents li\u00e9s \u00e0 la protection des donn\u00e9es.<\/p>\n<h2 style=\"box-sizing: border-box; margin: 10px 0px 7px; padding: 0px; border: 0px; font-variant-ligatures: normal; font-variant-numeric: inherit; font-variant-east-asian: inherit; font-variant-alternates: inherit; font-variant-position: inherit; font-weight: 400; font-stretch: inherit; font-size: 48px; line-height: 55px; font-family: 'DM Sans'; font-optical-sizing: inherit; font-size-adjust: inherit; font-kerning: inherit; font-feature-settings: inherit; font-variation-settings: inherit; vertical-align: baseline; color: rgba(0, 0, 0, 0); -webkit-font-smoothing: antialiased; background: linear-gradient(to right, #000000, #666666) padding-box text #ffffff; orphans: 2; widows: 2; text-decoration-thickness: initial; text-decoration-style: initial; text-decoration-color: initial;\"><strong style=\"box-sizing: border-box; margin: 0px; padding: 0px; border: 0px; font-style: inherit; font-variant-ligatures: inherit; font-variant-caps: inherit; font-variant-alternates: inherit; font-variant-numeric: inherit; font-variant-east-asian: inherit; font-variant-position: inherit; font-stretch: inherit; font-size: inherit; line-height: inherit; font-optical-sizing: inherit; font-size-adjust: inherit; font-kerning: inherit; font-feature-settings: inherit; font-variation-settings: inherit; vertical-align: baseline;\">Retenues obligatoires et cotisations sociales<\/strong><\/h2>\n<p>&nbsp;<\/p>\n<p style=\"box-sizing: border-box; margin: 0px; padding: 0px 0px 27px; border: 0px; font-variant-ligatures: normal; font-variant-numeric: inherit; font-variant-east-asian: inherit; font-variant-alternates: inherit; font-variant-position: inherit; font-stretch: inherit; font-size: 18px; line-height: inherit; font-family: 'DM Sans'; font-optical-sizing: inherit; font-size-adjust: inherit; font-kerning: inherit; font-feature-settings: inherit; font-variation-settings: inherit; vertical-align: baseline; -webkit-font-smoothing: antialiased; color: #505050; orphans: 2; widows: 2; background-color: #ffffff; text-decoration-thickness: initial; text-decoration-style: initial; text-decoration-color: initial;\"><strong style=\"box-sizing: border-box; margin: 0px; padding: 0px; border: 0px; font-style: inherit; font-variant-ligatures: inherit; font-variant-caps: inherit; font-variant-alternates: inherit; font-variant-numeric: inherit; font-variant-east-asian: inherit; font-variant-position: inherit; font-stretch: inherit; font-size: inherit; line-height: inherit; font-optical-sizing: inherit; font-size-adjust: inherit; font-kerning: inherit; font-feature-settings: inherit; font-variation-settings: inherit; vertical-align: baseline;\">Structure de l&rsquo;assurance sociale suisse<\/strong><\/p>\n<p style=\"box-sizing: border-box; margin: 0px; padding: 0px 0px 27px; border: 0px; font-variant-ligatures: normal; font-variant-numeric: inherit; font-variant-east-asian: inherit; font-variant-alternates: inherit; font-variant-position: inherit; font-stretch: inherit; font-size: 18px; line-height: inherit; font-family: 'DM Sans'; font-optical-sizing: inherit; font-size-adjust: inherit; font-kerning: inherit; font-feature-settings: inherit; font-variation-settings: inherit; vertical-align: baseline; -webkit-font-smoothing: antialiased; color: #505050; orphans: 2; widows: 2; background-color: #ffffff; text-decoration-thickness: initial; text-decoration-style: initial; text-decoration-color: initial;\">La masse salariale suisse comprend les cotisations obligatoires d&rsquo;assurance sociale qui financent les prestations li\u00e9es \u00e0 la retraite, \u00e0 l&rsquo;invalidit\u00e9, au remplacement du revenu et au ch\u00f4mage. Ces cotisations sont g\u00e9r\u00e9es par les offices de compensation et sont calcul\u00e9es en pourcentage du salaire admissible. Les employeurs et les employ\u00e9s se partagent la responsabilit\u00e9 du financement de ces programmes.<\/p>\n<p style=\"box-sizing: border-box; margin: 0px; padding: 0px 0px 27px; border: 0px; font-variant-ligatures: normal; font-variant-numeric: inherit; font-variant-east-asian: inherit; font-variant-alternates: inherit; font-variant-position: inherit; font-stretch: inherit; font-size: 18px; line-height: inherit; font-family: 'DM Sans'; font-optical-sizing: inherit; font-size-adjust: inherit; font-kerning: inherit; font-feature-settings: inherit; font-variation-settings: inherit; vertical-align: baseline; -webkit-font-smoothing: antialiased; color: #505050; orphans: 2; widows: 2; background-color: #ffffff; text-decoration-thickness: initial; text-decoration-style: initial; text-decoration-color: initial;\">Il est essentiel de calculer les salaires avec pr\u00e9cision afin de garantir que les cotisations sont correctement \u00e9valu\u00e9es et vers\u00e9es. Des erreurs dans les \u00e9l\u00e9ments du salaire, le statut professionnel ou les bases de cotisation peuvent entra\u00eener des paiements insuffisants ou exc\u00e9dentaires qui doivent \u00eatre corrig\u00e9s et peuvent donner lieu \u00e0 des p\u00e9nalit\u00e9s.<\/p>\n<p style=\"box-sizing: border-box; margin: 0px; padding: 0px 0px 27px; border: 0px; font-variant-ligatures: normal; font-variant-numeric: inherit; font-variant-east-asian: inherit; font-variant-alternates: inherit; font-variant-position: inherit; font-stretch: inherit; font-size: 18px; line-height: inherit; font-family: 'DM Sans'; font-optical-sizing: inherit; font-size-adjust: inherit; font-kerning: inherit; font-feature-settings: inherit; font-variation-settings: inherit; vertical-align: baseline; -webkit-font-smoothing: antialiased; color: #505050; orphans: 2; widows: 2; background-color: #ffffff; text-decoration-thickness: initial; text-decoration-style: initial; text-decoration-color: initial;\"><strong style=\"box-sizing: border-box; margin: 0px; padding: 0px; border: 0px; font-style: inherit; font-variant-ligatures: inherit; font-variant-caps: inherit; font-variant-alternates: inherit; font-variant-numeric: inherit; font-variant-east-asian: inherit; font-variant-position: inherit; font-stretch: inherit; font-size: inherit; line-height: inherit; font-optical-sizing: inherit; font-size-adjust: inherit; font-kerning: inherit; font-feature-settings: inherit; font-variation-settings: inherit; vertical-align: baseline;\">Obligations en mati\u00e8re de retraite professionnelle<\/strong><\/p>\n<p style=\"box-sizing: border-box; margin: 0px; padding: 0px 0px 27px; border: 0px; font-variant-ligatures: normal; font-variant-numeric: inherit; font-variant-east-asian: inherit; font-variant-alternates: inherit; font-variant-position: inherit; font-stretch: inherit; font-size: 18px; line-height: inherit; font-family: 'DM Sans'; font-optical-sizing: inherit; font-size-adjust: inherit; font-kerning: inherit; font-feature-settings: inherit; font-variation-settings: inherit; vertical-align: baseline; -webkit-font-smoothing: antialiased; color: #505050; orphans: 2; widows: 2; background-color: #ffffff; text-decoration-thickness: initial; text-decoration-style: initial; text-decoration-color: initial;\">Les cotisations \u00e0 la pr\u00e9voyance professionnelle ne sont pas obligatoires pour tous les salari\u00e9s en Suisse. Les obligations au titre du r\u00e9gime de pr\u00e9voyance professionnelle ne s&rsquo;appliquent que lorsque certaines conditions d&rsquo;\u00e9ligibilit\u00e9 sont remplies, notamment des seuils salariaux minimaux et des contrats de travail \u00e9ligibles. Les niveaux de cotisation sont d\u00e9termin\u00e9s par les r\u00e9gimes de retraite parrain\u00e9s par les employeurs et sont influenc\u00e9s par des facteurs tels que l&rsquo;\u00e2ge, le salaire assur\u00e9 et la conception du r\u00e9gime.<\/p>\n<p style=\"box-sizing: border-box; margin: 0px; padding: 0px 0px 27px; border: 0px; font-variant-ligatures: normal; font-variant-numeric: inherit; font-variant-east-asian: inherit; font-variant-alternates: inherit; font-variant-position: inherit; font-stretch: inherit; font-size: 18px; line-height: inherit; font-family: 'DM Sans'; font-optical-sizing: inherit; font-size-adjust: inherit; font-kerning: inherit; font-feature-settings: inherit; font-variation-settings: inherit; vertical-align: baseline; -webkit-font-smoothing: antialiased; color: #505050; orphans: 2; widows: 2; background-color: #ffffff; text-decoration-thickness: initial; text-decoration-style: initial; text-decoration-color: initial;\">Une classification incorrecte de l&rsquo;admissibilit\u00e9 \u00e0 la retraite ou une mauvaise identification des \u00e9l\u00e9ments du salaire assur\u00e9 peuvent entra\u00eener des cotisations inexactes et des \u00e9carts dans les prestations de retraite futures. Les \u00e9quipes charg\u00e9es de la paie doivent s&rsquo;assurer que les r\u00e8gles relatives \u00e0 la retraite sont correctement appliqu\u00e9es et mises \u00e0 jour lorsque la situation des employ\u00e9s change.<\/p>\n<h2 style=\"box-sizing: border-box; margin: 10px 0px 7px; padding: 0px; border: 0px; font-variant-ligatures: normal; font-variant-numeric: inherit; font-variant-east-asian: inherit; font-variant-alternates: inherit; font-variant-position: inherit; font-weight: 400; font-stretch: inherit; font-size: 48px; line-height: 55px; font-family: 'DM Sans'; font-optical-sizing: inherit; font-size-adjust: inherit; font-kerning: inherit; font-feature-settings: inherit; font-variation-settings: inherit; vertical-align: baseline; color: rgba(0, 0, 0, 0); -webkit-font-smoothing: antialiased; background: linear-gradient(to right, #000000, #666666) padding-box text #ffffff; orphans: 2; widows: 2; text-decoration-thickness: initial; text-decoration-style: initial; text-decoration-color: initial;\"><strong style=\"box-sizing: border-box; margin: 0px; padding: 0px; border: 0px; font-style: inherit; font-variant-ligatures: inherit; font-variant-caps: inherit; font-variant-alternates: inherit; font-variant-numeric: inherit; font-variant-east-asian: inherit; font-variant-position: inherit; font-stretch: inherit; font-size: inherit; line-height: inherit; font-optical-sizing: inherit; font-size-adjust: inherit; font-kerning: inherit; font-feature-settings: inherit; font-variation-settings: inherit; vertical-align: baseline;\">Fiscalit\u00e9, r\u00e9sidence et travailleurs transfrontaliers<\/strong><\/h2>\n<p>&nbsp;<\/p>\n<p style=\"box-sizing: border-box; margin: 0px; padding: 0px 0px 27px; border: 0px; font-variant-ligatures: normal; font-variant-numeric: inherit; font-variant-east-asian: inherit; font-variant-alternates: inherit; font-variant-position: inherit; font-stretch: inherit; font-size: 18px; line-height: inherit; font-family: 'DM Sans'; font-optical-sizing: inherit; font-size-adjust: inherit; font-kerning: inherit; font-feature-settings: inherit; font-variation-settings: inherit; vertical-align: baseline; -webkit-font-smoothing: antialiased; color: #505050; orphans: 2; widows: 2; background-color: #ffffff; text-decoration-thickness: initial; text-decoration-style: initial; text-decoration-color: initial;\"><strong style=\"box-sizing: border-box; margin: 0px; padding: 0px; border: 0px; font-style: inherit; font-variant-ligatures: inherit; font-variant-caps: inherit; font-variant-alternates: inherit; font-variant-numeric: inherit; font-variant-east-asian: inherit; font-variant-position: inherit; font-stretch: inherit; font-size: inherit; line-height: inherit; font-optical-sizing: inherit; font-size-adjust: inherit; font-kerning: inherit; font-feature-settings: inherit; font-variation-settings: inherit; vertical-align: baseline;\">R\u00e9sidence et obligation fiscale<\/strong><\/p>\n<p style=\"box-sizing: border-box; margin: 0px; padding: 0px 0px 27px; border: 0px; font-variant-ligatures: normal; font-variant-numeric: inherit; font-variant-east-asian: inherit; font-variant-alternates: inherit; font-variant-position: inherit; font-stretch: inherit; font-size: 18px; line-height: inherit; font-family: 'DM Sans'; font-optical-sizing: inherit; font-size-adjust: inherit; font-kerning: inherit; font-feature-settings: inherit; font-variation-settings: inherit; vertical-align: baseline; -webkit-font-smoothing: antialiased; color: #505050; orphans: 2; widows: 2; background-color: #ffffff; text-decoration-thickness: initial; text-decoration-style: initial; text-decoration-color: initial;\">La fiscalit\u00e9 suisse est \u00e9troitement li\u00e9e au statut de r\u00e9sidence. Les personnes consid\u00e9r\u00e9es comme r\u00e9sidentes fiscales suisses sont g\u00e9n\u00e9ralement impos\u00e9es sur leurs revenus mondiaux, sous r\u00e9serve des conventions de double imposition applicables et des exon\u00e9rations l\u00e9gales. Les non-r\u00e9sidents ne sont g\u00e9n\u00e9ralement impos\u00e9s que sur leurs revenus provenant de Suisse, souvent par le biais de m\u00e9canismes de retenue \u00e0 la source.<\/p>\n<p style=\"box-sizing: border-box; margin: 0px; padding: 0px 0px 27px; border: 0px; font-variant-ligatures: normal; font-variant-numeric: inherit; font-variant-east-asian: inherit; font-variant-alternates: inherit; font-variant-position: inherit; font-stretch: inherit; font-size: 18px; line-height: inherit; font-family: 'DM Sans'; font-optical-sizing: inherit; font-size-adjust: inherit; font-kerning: inherit; font-feature-settings: inherit; font-variation-settings: inherit; vertical-align: baseline; -webkit-font-smoothing: antialiased; color: #505050; orphans: 2; widows: 2; background-color: #ffffff; text-decoration-thickness: initial; text-decoration-style: initial; text-decoration-color: initial;\">La d\u00e9termination de la r\u00e9sidence fiscale n\u00e9cessite une \u00e9valuation minutieuse de la situation personnelle et professionnelle. Les \u00e9quipes charg\u00e9es de la paie doivent documenter les d\u00e9terminations de r\u00e9sidence et s&rsquo;assurer que les m\u00e9thodes de retenue \u00e0 la source sont conformes au traitement fiscal applicable.<\/p>\n<p style=\"box-sizing: border-box; margin: 0px; padding: 0px 0px 27px; border: 0px; font-variant-ligatures: normal; font-variant-numeric: inherit; font-variant-east-asian: inherit; font-variant-alternates: inherit; font-variant-position: inherit; font-stretch: inherit; font-size: 18px; line-height: inherit; font-family: 'DM Sans'; font-optical-sizing: inherit; font-size-adjust: inherit; font-kerning: inherit; font-feature-settings: inherit; font-variation-settings: inherit; vertical-align: baseline; -webkit-font-smoothing: antialiased; color: #505050; orphans: 2; widows: 2; background-color: #ffffff; text-decoration-thickness: initial; text-decoration-style: initial; text-decoration-color: initial;\"><strong style=\"box-sizing: border-box; margin: 0px; padding: 0px; border: 0px; font-style: inherit; font-variant-ligatures: inherit; font-variant-caps: inherit; font-variant-alternates: inherit; font-variant-numeric: inherit; font-variant-east-asian: inherit; font-variant-position: inherit; font-stretch: inherit; font-size: inherit; line-height: inherit; font-optical-sizing: inherit; font-size-adjust: inherit; font-kerning: inherit; font-feature-settings: inherit; font-variation-settings: inherit; vertical-align: baseline;\">Consid\u00e9rations relatives \u00e0 l&#8217;emploi transfrontalier<\/strong><\/p>\n<p style=\"box-sizing: border-box; margin: 0px; padding: 0px 0px 27px; border: 0px; font-variant-ligatures: normal; font-variant-numeric: inherit; font-variant-east-asian: inherit; font-variant-alternates: inherit; font-variant-position: inherit; font-stretch: inherit; font-size: 18px; line-height: inherit; font-family: 'DM Sans'; font-optical-sizing: inherit; font-size-adjust: inherit; font-kerning: inherit; font-feature-settings: inherit; font-variation-settings: inherit; vertical-align: baseline; -webkit-font-smoothing: antialiased; color: #505050; orphans: 2; widows: 2; background-color: #ffffff; text-decoration-thickness: initial; text-decoration-style: initial; text-decoration-color: initial;\">Les employ\u00e9s transfrontaliers ajoutent encore \u00e0 la complexit\u00e9 de la gestion des salaires en Suisse. Les obligations en mati\u00e8re de retenue d&rsquo;imp\u00f4t peuvent \u00eatre affect\u00e9es par des conventions fiscales bilat\u00e9rales, tandis que la couverture sociale est r\u00e9gie par des accords de coordination distincts. Ces cadres juridiques fonctionnent ind\u00e9pendamment les uns des autres et doivent \u00eatre appliqu\u00e9s s\u00e9par\u00e9ment.<\/p>\n<p style=\"box-sizing: border-box; margin: 0px; padding: 0px 0px 27px; border: 0px; font-variant-ligatures: normal; font-variant-numeric: inherit; font-variant-east-asian: inherit; font-variant-alternates: inherit; font-variant-position: inherit; font-stretch: inherit; font-size: 18px; line-height: inherit; font-family: 'DM Sans'; font-optical-sizing: inherit; font-size-adjust: inherit; font-kerning: inherit; font-feature-settings: inherit; font-variation-settings: inherit; vertical-align: baseline; -webkit-font-smoothing: antialiased; color: #505050; orphans: 2; widows: 2; background-color: #ffffff; text-decoration-thickness: initial; text-decoration-style: initial; text-decoration-color: initial;\">Le fait de ne pas faire la distinction entre les r\u00e8gles fiscales et celles relatives \u00e0 l&rsquo;assurance sociale peut entra\u00eener une double imposition, une couverture incorrecte des cotisations ou des \u00e9valuations r\u00e9troactives. Une classification et une documentation pr\u00e9cises sont essentielles pour g\u00e9rer les risques li\u00e9s \u00e0 la paie transfrontali\u00e8re.<\/p>\n<h2 style=\"box-sizing: border-box; margin: 10px 0px 7px; padding: 0px; border: 0px; font-variant-ligatures: normal; font-variant-numeric: inherit; font-variant-east-asian: inherit; font-variant-alternates: inherit; font-variant-position: inherit; font-weight: 400; font-stretch: inherit; font-size: 48px; line-height: 55px; font-family: 'DM Sans'; font-optical-sizing: inherit; font-size-adjust: inherit; font-kerning: inherit; font-feature-settings: inherit; font-variation-settings: inherit; vertical-align: baseline; color: rgba(0, 0, 0, 0); -webkit-font-smoothing: antialiased; background: linear-gradient(to right, #000000, #666666) padding-box text #ffffff; orphans: 2; widows: 2; text-decoration-thickness: initial; text-decoration-style: initial; text-decoration-color: initial;\"><strong style=\"box-sizing: border-box; margin: 0px; padding: 0px; border: 0px; font-style: inherit; font-variant-ligatures: inherit; font-variant-caps: inherit; font-variant-alternates: inherit; font-variant-numeric: inherit; font-variant-east-asian: inherit; font-variant-position: inherit; font-stretch: inherit; font-size: inherit; line-height: inherit; font-optical-sizing: inherit; font-size-adjust: inherit; font-kerning: inherit; font-feature-settings: inherit; font-variation-settings: inherit; vertical-align: baseline;\">Gestion des devises et paiements des salaires<\/strong><\/h2>\n<p>&nbsp;<\/p>\n<p style=\"box-sizing: border-box; margin: 0px; padding: 0px 0px 27px; border: 0px; font-variant-ligatures: normal; font-variant-numeric: inherit; font-variant-east-asian: inherit; font-variant-alternates: inherit; font-variant-position: inherit; font-stretch: inherit; font-size: 18px; line-height: inherit; font-family: 'DM Sans'; font-optical-sizing: inherit; font-size-adjust: inherit; font-kerning: inherit; font-feature-settings: inherit; font-variation-settings: inherit; vertical-align: baseline; -webkit-font-smoothing: antialiased; color: #505050; orphans: 2; widows: 2; background-color: #ffffff; text-decoration-thickness: initial; text-decoration-style: initial; text-decoration-color: initial;\"><strong style=\"box-sizing: border-box; margin: 0px; padding: 0px; border: 0px; font-style: inherit; font-variant-ligatures: inherit; font-variant-caps: inherit; font-variant-alternates: inherit; font-variant-numeric: inherit; font-variant-east-asian: inherit; font-variant-position: inherit; font-stretch: inherit; font-size: inherit; line-height: inherit; font-optical-sizing: inherit; font-size-adjust: inherit; font-kerning: inherit; font-feature-settings: inherit; font-variation-settings: inherit; vertical-align: baseline;\">CHF comme devise de paie<\/strong><\/p>\n<p style=\"box-sizing: border-box; margin: 0px; padding: 0px 0px 27px; border: 0px; font-variant-ligatures: normal; font-variant-numeric: inherit; font-variant-east-asian: inherit; font-variant-alternates: inherit; font-variant-position: inherit; font-stretch: inherit; font-size: 18px; line-height: inherit; font-family: 'DM Sans'; font-optical-sizing: inherit; font-size-adjust: inherit; font-kerning: inherit; font-feature-settings: inherit; font-variation-settings: inherit; vertical-align: baseline; -webkit-font-smoothing: antialiased; color: #505050; orphans: 2; widows: 2; background-color: #ffffff; text-decoration-thickness: initial; text-decoration-style: initial; text-decoration-color: initial;\">En Suisse, les salaires sont g\u00e9n\u00e9ralement calcul\u00e9s et vers\u00e9s en francs suisses. Le risque de change survient principalement lorsque les salaires sont financ\u00e9s \u00e0 partir de comptes libell\u00e9s dans une autre devise que le CHF ou lorsque la r\u00e9mun\u00e9ration est contractuellement libell\u00e9e dans une autre devise. Dans ce cas, les organisations doivent g\u00e9rer de mani\u00e8re coh\u00e9rente les sources de taux de change, le moment de la conversion et le traitement comptable.<\/p>\n<p style=\"box-sizing: border-box; margin: 0px; padding: 0px 0px 27px; border: 0px; font-variant-ligatures: normal; font-variant-numeric: inherit; font-variant-east-asian: inherit; font-variant-alternates: inherit; font-variant-position: inherit; font-stretch: inherit; font-size: 18px; line-height: inherit; font-family: 'DM Sans'; font-optical-sizing: inherit; font-size-adjust: inherit; font-kerning: inherit; font-feature-settings: inherit; font-variation-settings: inherit; vertical-align: baseline; -webkit-font-smoothing: antialiased; color: #505050; orphans: 2; widows: 2; background-color: #ffffff; text-decoration-thickness: initial; text-decoration-style: initial; text-decoration-color: initial;\">Des politiques claires r\u00e9gissant la conversion des devises favorisent la transparence, r\u00e9duisent la volatilit\u00e9 du salaire net et am\u00e9liorent la v\u00e9rifiabilit\u00e9.<\/p>\n<p style=\"box-sizing: border-box; margin: 0px; padding: 0px 0px 27px; border: 0px; font-variant-ligatures: normal; font-variant-numeric: inherit; font-variant-east-asian: inherit; font-variant-alternates: inherit; font-variant-position: inherit; font-stretch: inherit; font-size: 18px; line-height: inherit; font-family: 'DM Sans'; font-optical-sizing: inherit; font-size-adjust: inherit; font-kerning: inherit; font-feature-settings: inherit; font-variation-settings: inherit; vertical-align: baseline; -webkit-font-smoothing: antialiased; color: #505050; orphans: 2; widows: 2; background-color: #ffffff; text-decoration-thickness: initial; text-decoration-style: initial; text-decoration-color: initial;\"><strong style=\"box-sizing: border-box; margin: 0px; padding: 0px; border: 0px; font-style: inherit; font-variant-ligatures: inherit; font-variant-caps: inherit; font-variant-alternates: inherit; font-variant-numeric: inherit; font-variant-east-asian: inherit; font-variant-position: inherit; font-stretch: inherit; font-size: inherit; line-height: inherit; font-optical-sizing: inherit; font-size-adjust: inherit; font-kerning: inherit; font-feature-settings: inherit; font-variation-settings: inherit; vertical-align: baseline;\">Calendrier des paiements et pratiques bancaires<\/strong><\/p>\n<p style=\"box-sizing: border-box; margin: 0px; padding: 0px 0px 27px; border: 0px; font-variant-ligatures: normal; font-variant-numeric: inherit; font-variant-east-asian: inherit; font-variant-alternates: inherit; font-variant-position: inherit; font-stretch: inherit; font-size: 18px; line-height: inherit; font-family: 'DM Sans'; font-optical-sizing: inherit; font-size-adjust: inherit; font-kerning: inherit; font-feature-settings: inherit; font-variation-settings: inherit; vertical-align: baseline; -webkit-font-smoothing: antialiased; color: #505050; orphans: 2; widows: 2; background-color: #ffffff; text-decoration-thickness: initial; text-decoration-style: initial; text-decoration-color: initial;\">Le syst\u00e8me bancaire suisse fonctionne selon des calendriers de traitement d\u00e9finis, avec des dates limites et des jours f\u00e9ri\u00e9s sp\u00e9cifiques. Les calendriers de paie doivent s&rsquo;aligner sur ces \u00e9ch\u00e9ances afin de garantir le paiement en temps voulu des salaires aux employ\u00e9s et des cotisations aux autorit\u00e9s. Une communication claire sur les dates de paiement et les \u00e9ventuels \u00e9carts dus aux jours f\u00e9ri\u00e9s bancaires contribue \u00e0 maintenir la confiance des employ\u00e9s et \u00e0 r\u00e9duire les demandes administratives.<\/p>\n<h2 style=\"box-sizing: border-box; margin: 10px 0px 7px; padding: 0px; border: 0px; font-variant-ligatures: normal; font-variant-numeric: inherit; font-variant-east-asian: inherit; font-variant-alternates: inherit; font-variant-position: inherit; font-weight: 400; font-stretch: inherit; font-size: 48px; line-height: 55px; font-family: 'DM Sans'; font-optical-sizing: inherit; font-size-adjust: inherit; font-kerning: inherit; font-feature-settings: inherit; font-variation-settings: inherit; vertical-align: baseline; color: rgba(0, 0, 0, 0); -webkit-font-smoothing: antialiased; background: linear-gradient(to right, #000000, #666666) padding-box text #ffffff; orphans: 2; widows: 2; text-decoration-thickness: initial; text-decoration-style: initial; text-decoration-color: initial;\"><strong style=\"box-sizing: border-box; margin: 0px; padding: 0px; border: 0px; font-style: inherit; font-variant-ligatures: inherit; font-variant-caps: inherit; font-variant-alternates: inherit; font-variant-numeric: inherit; font-variant-east-asian: inherit; font-variant-position: inherit; font-stretch: inherit; font-size: inherit; line-height: inherit; font-optical-sizing: inherit; font-size-adjust: inherit; font-kerning: inherit; font-feature-settings: inherit; font-variation-settings: inherit; vertical-align: baseline;\">Int\u00e9grit\u00e9 des donn\u00e9es, confidentialit\u00e9 et pr\u00e9paration aux audits<\/strong><\/h2>\n<p>&nbsp;<\/p>\n<p style=\"box-sizing: border-box; margin: 0px; padding: 0px 0px 27px; border: 0px; font-variant-ligatures: normal; font-variant-numeric: inherit; font-variant-east-asian: inherit; font-variant-alternates: inherit; font-variant-position: inherit; font-stretch: inherit; font-size: 18px; line-height: inherit; font-family: 'DM Sans'; font-optical-sizing: inherit; font-size-adjust: inherit; font-kerning: inherit; font-feature-settings: inherit; font-variation-settings: inherit; vertical-align: baseline; -webkit-font-smoothing: antialiased; color: #505050; orphans: 2; widows: 2; background-color: #ffffff; text-decoration-thickness: initial; text-decoration-style: initial; text-decoration-color: initial;\"><strong style=\"box-sizing: border-box; margin: 0px; padding: 0px; border: 0px; font-style: inherit; font-variant-ligatures: inherit; font-variant-caps: inherit; font-variant-alternates: inherit; font-variant-numeric: inherit; font-variant-east-asian: inherit; font-variant-position: inherit; font-stretch: inherit; font-size: inherit; line-height: inherit; font-optical-sizing: inherit; font-size-adjust: inherit; font-kerning: inherit; font-feature-settings: inherit; font-variation-settings: inherit; vertical-align: baseline;\">Validation et contr\u00f4le des donn\u00e9es<\/strong><\/p>\n<p style=\"box-sizing: border-box; margin: 0px; padding: 0px 0px 27px; border: 0px; font-variant-ligatures: normal; font-variant-numeric: inherit; font-variant-east-asian: inherit; font-variant-alternates: inherit; font-variant-position: inherit; font-stretch: inherit; font-size: 18px; line-height: inherit; font-family: 'DM Sans'; font-optical-sizing: inherit; font-size-adjust: inherit; font-kerning: inherit; font-feature-settings: inherit; font-variation-settings: inherit; vertical-align: baseline; -webkit-font-smoothing: antialiased; color: #505050; orphans: 2; widows: 2; background-color: #ffffff; text-decoration-thickness: initial; text-decoration-style: initial; text-decoration-color: initial;\">La pr\u00e9cision des paies suisses d\u00e9pend de contr\u00f4les rigoureux de validation des donn\u00e9es. Ces contr\u00f4les comprennent g\u00e9n\u00e9ralement des v\u00e9rifications d&rsquo;exhaustivit\u00e9 et de format, la validation crois\u00e9e des champs de donn\u00e9es connexes, des rapprochements automatis\u00e9s entre les syst\u00e8mes de paie et financiers, ainsi que des workflows d&rsquo;approbation pour les modifications apport\u00e9es aux donn\u00e9es sensibles. L&rsquo;automatisation r\u00e9duit le recours aux interventions manuelles et favorise la coh\u00e9rence entre les cycles de paie.<\/p>\n<p style=\"box-sizing: border-box; margin: 0px; padding: 0px 0px 27px; border: 0px; font-variant-ligatures: normal; font-variant-numeric: inherit; font-variant-east-asian: inherit; font-variant-alternates: inherit; font-variant-position: inherit; font-stretch: inherit; font-size: 18px; line-height: inherit; font-family: 'DM Sans'; font-optical-sizing: inherit; font-size-adjust: inherit; font-kerning: inherit; font-feature-settings: inherit; font-variation-settings: inherit; vertical-align: baseline; -webkit-font-smoothing: antialiased; color: #505050; orphans: 2; widows: 2; background-color: #ffffff; text-decoration-thickness: initial; text-decoration-style: initial; text-decoration-color: initial;\"><strong style=\"box-sizing: border-box; margin: 0px; padding: 0px; border: 0px; font-style: inherit; font-variant-ligatures: inherit; font-variant-caps: inherit; font-variant-alternates: inherit; font-variant-numeric: inherit; font-variant-east-asian: inherit; font-variant-position: inherit; font-stretch: inherit; font-size: inherit; line-height: inherit; font-optical-sizing: inherit; font-size-adjust: inherit; font-kerning: inherit; font-feature-settings: inherit; font-variation-settings: inherit; vertical-align: baseline;\">Confidentialit\u00e9 et champ d&rsquo;application r\u00e9glementaire<\/strong><\/p>\n<p style=\"box-sizing: border-box; margin: 0px; padding: 0px 0px 27px; border: 0px; font-variant-ligatures: normal; font-variant-numeric: inherit; font-variant-east-asian: inherit; font-variant-alternates: inherit; font-variant-position: inherit; font-stretch: inherit; font-size: 18px; line-height: inherit; font-family: 'DM Sans'; font-optical-sizing: inherit; font-size-adjust: inherit; font-kerning: inherit; font-feature-settings: inherit; font-variation-settings: inherit; vertical-align: baseline; -webkit-font-smoothing: antialiased; color: #505050; orphans: 2; widows: 2; background-color: #ffffff; text-decoration-thickness: initial; text-decoration-style: initial; text-decoration-color: initial;\">Les donn\u00e9es relatives aux salaires en Suisse sont soumises \u00e0 la loi suisse sur la protection des donn\u00e9es. Le RGPD ne s&rsquo;applique que lorsque son champ d&rsquo;application territorial ou mat\u00e9riel est respect\u00e9, par exemple lors du traitement des donn\u00e9es \u00e0 caract\u00e8re personnel de r\u00e9sidents de l&rsquo;UE. Les \u00e9quipes charg\u00e9es de la paie doivent \u00e9valuer soigneusement l&rsquo;applicabilit\u00e9 du RGPD plut\u00f4t que de supposer qu&rsquo;il s&rsquo;applique de mani\u00e8re universelle.<\/p>\n<p style=\"box-sizing: border-box; margin: 0px; padding: 0px 0px 27px; border: 0px; font-variant-ligatures: normal; font-variant-numeric: inherit; font-variant-east-asian: inherit; font-variant-alternates: inherit; font-variant-position: inherit; font-stretch: inherit; font-size: 18px; line-height: inherit; font-family: 'DM Sans'; font-optical-sizing: inherit; font-size-adjust: inherit; font-kerning: inherit; font-feature-settings: inherit; font-variation-settings: inherit; vertical-align: baseline; -webkit-font-smoothing: antialiased; color: #505050; orphans: 2; widows: 2; background-color: #ffffff; text-decoration-thickness: initial; text-decoration-style: initial; text-decoration-color: initial;\">Des contr\u00f4les d&rsquo;acc\u00e8s appropri\u00e9s, le cryptage et des pratiques de minimisation des donn\u00e9es contribuent \u00e0 prot\u00e9ger les informations sensibles relatives \u00e0 la paie et favorisent la conformit\u00e9 aux exigences applicables en mati\u00e8re de confidentialit\u00e9.<\/p>\n<p style=\"box-sizing: border-box; margin: 0px; padding: 0px 0px 27px; border: 0px; font-variant-ligatures: normal; font-variant-numeric: inherit; font-variant-east-asian: inherit; font-variant-alternates: inherit; font-variant-position: inherit; font-stretch: inherit; font-size: 18px; line-height: inherit; font-family: 'DM Sans'; font-optical-sizing: inherit; font-size-adjust: inherit; font-kerning: inherit; font-feature-settings: inherit; font-variation-settings: inherit; vertical-align: baseline; -webkit-font-smoothing: antialiased; color: #505050; orphans: 2; widows: 2; background-color: #ffffff; text-decoration-thickness: initial; text-decoration-style: initial; text-decoration-color: initial;\"><strong style=\"box-sizing: border-box; margin: 0px; padding: 0px; border: 0px; font-style: inherit; font-variant-ligatures: inherit; font-variant-caps: inherit; font-variant-alternates: inherit; font-variant-numeric: inherit; font-variant-east-asian: inherit; font-variant-position: inherit; font-stretch: inherit; font-size: inherit; line-height: inherit; font-optical-sizing: inherit; font-size-adjust: inherit; font-kerning: inherit; font-feature-settings: inherit; font-variation-settings: inherit; vertical-align: baseline;\">Pistes d&rsquo;audit et documentation<\/strong><\/p>\n<p style=\"box-sizing: border-box; margin: 0px; padding: 0px 0px 27px; border: 0px; font-variant-ligatures: normal; font-variant-numeric: inherit; font-variant-east-asian: inherit; font-variant-alternates: inherit; font-variant-position: inherit; font-stretch: inherit; font-size: 18px; line-height: inherit; font-family: 'DM Sans'; font-optical-sizing: inherit; font-size-adjust: inherit; font-kerning: inherit; font-feature-settings: inherit; font-variation-settings: inherit; vertical-align: baseline; -webkit-font-smoothing: antialiased; color: #505050; orphans: 2; widows: 2; background-color: #ffffff; text-decoration-thickness: initial; text-decoration-style: initial; text-decoration-color: initial;\">Des pistes d&rsquo;audit compl\u00e8tes sont essentielles pour garantir la cr\u00e9dibilit\u00e9 de la paie. La documentation doit clairement enregistrer les modifications apport\u00e9es aux donn\u00e9es, les approbations et les mesures correctives. Des pistes d&rsquo;audit solides favorisent l&rsquo;efficacit\u00e9 des audits, acc\u00e9l\u00e8rent la r\u00e9solution des probl\u00e8mes et renforcent la confiance des r\u00e9gulateurs, des auditeurs et des parties prenantes internes.<\/p>\n<h2 style=\"box-sizing: border-box; margin: 10px 0px 7px; padding: 0px; border: 0px; font-variant-ligatures: normal; font-variant-numeric: inherit; font-variant-east-asian: inherit; font-variant-alternates: inherit; font-variant-position: inherit; font-weight: 400; font-stretch: inherit; font-size: 48px; line-height: 55px; font-family: 'DM Sans'; font-optical-sizing: inherit; font-size-adjust: inherit; font-kerning: inherit; font-feature-settings: inherit; font-variation-settings: inherit; vertical-align: baseline; color: rgba(0, 0, 0, 0); -webkit-font-smoothing: antialiased; background: linear-gradient(to right, #000000, #666666) padding-box text #ffffff; orphans: 2; widows: 2; text-decoration-thickness: initial; text-decoration-style: initial; text-decoration-color: initial;\"><strong style=\"box-sizing: border-box; margin: 0px; padding: 0px; border: 0px; font-style: inherit; font-variant-ligatures: inherit; font-variant-caps: inherit; font-variant-alternates: inherit; font-variant-numeric: inherit; font-variant-east-asian: inherit; font-variant-position: inherit; font-stretch: inherit; font-size: inherit; line-height: inherit; font-optical-sizing: inherit; font-size-adjust: inherit; font-kerning: inherit; font-feature-settings: inherit; font-variation-settings: inherit; vertical-align: baseline;\">Conclusion<\/strong><\/h2>\n<p>&nbsp;<\/p>\n<p style=\"box-sizing: border-box; margin: 0px; padding: 0px 0px 27px; border: 0px; font-variant-ligatures: normal; font-variant-numeric: inherit; font-variant-east-asian: inherit; font-variant-alternates: inherit; font-variant-position: inherit; font-stretch: inherit; font-size: 18px; line-height: inherit; font-family: 'DM Sans'; font-optical-sizing: inherit; font-size-adjust: inherit; font-kerning: inherit; font-feature-settings: inherit; font-variation-settings: inherit; vertical-align: baseline; -webkit-font-smoothing: antialiased; color: #505050; orphans: 2; widows: 2; background-color: #ffffff; text-decoration-thickness: initial; text-decoration-style: initial; text-decoration-color: initial;\">La pr\u00e9cision des salaires suisses est une exigence fondamentale pour des op\u00e9rations de paie internationales conformes et \u00e9volutives. L&rsquo;environnement r\u00e9glementaire d\u00e9centralis\u00e9 de la Suisse, les r\u00e8gles d\u00e9taill\u00e9es en mati\u00e8re de cotisations et les complexit\u00e9s transfrontali\u00e8res exigent des donn\u00e9es pr\u00e9cises, des processus rigoureux et une gouvernance solide.<\/p>\n<p style=\"box-sizing: border-box; margin: 0px; padding: 0px; border: 0px; font-variant-ligatures: normal; font-variant-numeric: inherit; font-variant-east-asian: inherit; font-variant-alternates: inherit; font-variant-position: inherit; font-stretch: inherit; font-size: 18px; line-height: inherit; font-family: 'DM Sans'; font-optical-sizing: inherit; font-size-adjust: inherit; font-kerning: inherit; font-feature-settings: inherit; font-variation-settings: inherit; vertical-align: baseline; -webkit-font-smoothing: antialiased; color: #505050; orphans: 2; widows: 2; background-color: #ffffff; text-decoration-thickness: initial; text-decoration-style: initial; text-decoration-color: initial;\">En comprenant le cadre r\u00e9glementaire, en distinguant clairement les obligations fiscales et sociales, en g\u00e9rant avec soin les processus li\u00e9s aux devises et aux paiements, et en mettant en place des contr\u00f4les rigoureux des donn\u00e9es, les organisations peuvent r\u00e9duire les risques et am\u00e9liorer leurs r\u00e9sultats en mati\u00e8re de paie. La pr\u00e9cision n&rsquo;est pas une t\u00e2che ponctuelle, mais une capacit\u00e9 op\u00e9rationnelle permanente qui renforce la confiance des employ\u00e9s, des r\u00e9gulateurs et des \u00e9quipes de direction internationales.<\/p>\n","protected":false},"excerpt":{"rendered":"<p>&nbsp; La pr\u00e9cision des salaires suisses joue un r\u00f4le essentiel dans l&rsquo;efficacit\u00e9 des op\u00e9rations de&#8230;<\/p>\n","protected":false},"author":8,"featured_media":11184,"comment_status":"closed","ping_status":"closed","sticky":false,"template":"","format":"standard","meta":{"content-type":"","inline_featured_image":false,"footnotes":""},"categories":[96,97],"tags":[],"class_list":{"0":"post-11183","1":"post","2":"type-post","3":"status-publish","4":"format-standard","5":"has-post-thumbnail","7":"category-paie-mondiale","8":"category-paie-suisse"},"yoast_head":"<!-- This site is optimized with the Yoast SEO plugin v27.3 - https:\/\/yoast.com\/product\/yoast-seo-wordpress\/ -->\n<title>Pourquoi la pr\u00e9cision des salaires suisses est cruciale<\/title>\n<meta name=\"description\" content=\"La pr\u00e9cision des salaires suisses permet aux op\u00e9rations de paie mondiales de rester conformes, efficaces et align\u00e9es sur les normes internationales.\" \/>\n<meta name=\"robots\" content=\"index, follow, max-snippet:-1, max-image-preview:large, max-video-preview:-1\" \/>\n<link rel=\"canonical\" href=\"https:\/\/www.applic8.com\/fr\/paie-suisse\/pourquoi-la-precision-des-salaires-suisses-est-importante-dans-les-operations-de-paie-internationales\/\" \/>\n<meta property=\"og:locale\" content=\"fr_FR\" \/>\n<meta property=\"og:type\" content=\"article\" \/>\n<meta property=\"og:title\" content=\"Pourquoi la pr\u00e9cision des salaires suisses est cruciale\" \/>\n<meta property=\"og:description\" content=\"La pr\u00e9cision des salaires suisses permet aux op\u00e9rations de paie mondiales de rester conformes, efficaces et align\u00e9es sur les normes internationales.\" \/>\n<meta property=\"og:url\" content=\"https:\/\/www.applic8.com\/fr\/paie-suisse\/pourquoi-la-precision-des-salaires-suisses-est-importante-dans-les-operations-de-paie-internationales\/\" \/>\n<meta property=\"og:site_name\" content=\"Applic8\" \/>\n<meta property=\"article:published_time\" content=\"2026-01-06T08:36:59+00:00\" \/>\n<meta property=\"article:modified_time\" content=\"2026-03-19T07:45:17+00:00\" \/>\n<meta property=\"og:image\" content=\"https:\/\/www.applic8.com\/wp-content\/uploads\/2026\/01\/pexels-kunitsky-210990-scaled.webp\" \/>\n\t<meta property=\"og:image:width\" content=\"2560\" \/>\n\t<meta property=\"og:image:height\" content=\"1920\" \/>\n\t<meta property=\"og:image:type\" content=\"image\/webp\" \/>\n<meta name=\"author\" content=\"Jensen Bandada\" \/>\n<meta name=\"twitter:card\" content=\"summary_large_image\" \/>\n<meta name=\"twitter:label1\" content=\"\u00c9crit par\" \/>\n\t<meta name=\"twitter:data1\" content=\"Jensen Bandada\" \/>\n\t<meta name=\"twitter:label2\" content=\"Dur\u00e9e de lecture estim\u00e9e\" \/>\n\t<meta name=\"twitter:data2\" content=\"9 minutes\" \/>\n<script type=\"application\/ld+json\" class=\"yoast-schema-graph\">{\"@context\":\"https:\\\/\\\/schema.org\",\"@graph\":[{\"@type\":\"Article\",\"@id\":\"https:\\\/\\\/www.applic8.com\\\/fr\\\/paie-suisse\\\/pourquoi-la-precision-des-salaires-suisses-est-importante-dans-les-operations-de-paie-internationales\\\/#article\",\"isPartOf\":{\"@id\":\"https:\\\/\\\/www.applic8.com\\\/fr\\\/paie-suisse\\\/pourquoi-la-precision-des-salaires-suisses-est-importante-dans-les-operations-de-paie-internationales\\\/\"},\"author\":{\"name\":\"Jensen Bandada\",\"@id\":\"https:\\\/\\\/www.applic8.com\\\/fr\\\/#\\\/schema\\\/person\\\/f70756d6dde93059b742a0391d7b5def\"},\"headline\":\"Pourquoi la pr\u00e9cision des salaires suisses est importante dans les op\u00e9rations de paie internationales\",\"datePublished\":\"2026-01-06T08:36:59+00:00\",\"dateModified\":\"2026-03-19T07:45:17+00:00\",\"mainEntityOfPage\":{\"@id\":\"https:\\\/\\\/www.applic8.com\\\/fr\\\/paie-suisse\\\/pourquoi-la-precision-des-salaires-suisses-est-importante-dans-les-operations-de-paie-internationales\\\/\"},\"wordCount\":2369,\"publisher\":{\"@id\":\"https:\\\/\\\/www.applic8.com\\\/fr\\\/#organization\"},\"image\":{\"@id\":\"https:\\\/\\\/www.applic8.com\\\/fr\\\/paie-suisse\\\/pourquoi-la-precision-des-salaires-suisses-est-importante-dans-les-operations-de-paie-internationales\\\/#primaryimage\"},\"thumbnailUrl\":\"https:\\\/\\\/www.applic8.com\\\/wp-content\\\/uploads\\\/2026\\\/01\\\/pexels-kunitsky-210990-scaled.webp\",\"articleSection\":[\"Paie mondiale\",\"Paie suisse\"],\"inLanguage\":\"fr-FR\"},{\"@type\":\"WebPage\",\"@id\":\"https:\\\/\\\/www.applic8.com\\\/fr\\\/paie-suisse\\\/pourquoi-la-precision-des-salaires-suisses-est-importante-dans-les-operations-de-paie-internationales\\\/\",\"url\":\"https:\\\/\\\/www.applic8.com\\\/fr\\\/paie-suisse\\\/pourquoi-la-precision-des-salaires-suisses-est-importante-dans-les-operations-de-paie-internationales\\\/\",\"name\":\"Pourquoi la pr\u00e9cision des salaires suisses est cruciale\",\"isPartOf\":{\"@id\":\"https:\\\/\\\/www.applic8.com\\\/fr\\\/#website\"},\"primaryImageOfPage\":{\"@id\":\"https:\\\/\\\/www.applic8.com\\\/fr\\\/paie-suisse\\\/pourquoi-la-precision-des-salaires-suisses-est-importante-dans-les-operations-de-paie-internationales\\\/#primaryimage\"},\"image\":{\"@id\":\"https:\\\/\\\/www.applic8.com\\\/fr\\\/paie-suisse\\\/pourquoi-la-precision-des-salaires-suisses-est-importante-dans-les-operations-de-paie-internationales\\\/#primaryimage\"},\"thumbnailUrl\":\"https:\\\/\\\/www.applic8.com\\\/wp-content\\\/uploads\\\/2026\\\/01\\\/pexels-kunitsky-210990-scaled.webp\",\"datePublished\":\"2026-01-06T08:36:59+00:00\",\"dateModified\":\"2026-03-19T07:45:17+00:00\",\"description\":\"La pr\u00e9cision des salaires suisses permet aux op\u00e9rations de paie mondiales de rester conformes, efficaces et align\u00e9es sur les normes internationales.\",\"breadcrumb\":{\"@id\":\"https:\\\/\\\/www.applic8.com\\\/fr\\\/paie-suisse\\\/pourquoi-la-precision-des-salaires-suisses-est-importante-dans-les-operations-de-paie-internationales\\\/#breadcrumb\"},\"inLanguage\":\"fr-FR\",\"potentialAction\":[{\"@type\":\"ReadAction\",\"target\":[\"https:\\\/\\\/www.applic8.com\\\/fr\\\/paie-suisse\\\/pourquoi-la-precision-des-salaires-suisses-est-importante-dans-les-operations-de-paie-internationales\\\/\"]}]},{\"@type\":\"ImageObject\",\"inLanguage\":\"fr-FR\",\"@id\":\"https:\\\/\\\/www.applic8.com\\\/fr\\\/paie-suisse\\\/pourquoi-la-precision-des-salaires-suisses-est-importante-dans-les-operations-de-paie-internationales\\\/#primaryimage\",\"url\":\"https:\\\/\\\/www.applic8.com\\\/wp-content\\\/uploads\\\/2026\\\/01\\\/pexels-kunitsky-210990-scaled.webp\",\"contentUrl\":\"https:\\\/\\\/www.applic8.com\\\/wp-content\\\/uploads\\\/2026\\\/01\\\/pexels-kunitsky-210990-scaled.webp\",\"width\":2560,\"height\":1920,\"caption\":\"Homme travaillant sur les calculs de paie li\u00e9s aux op\u00e9rations mondiales de Swiss Salary.\"},{\"@type\":\"BreadcrumbList\",\"@id\":\"https:\\\/\\\/www.applic8.com\\\/fr\\\/paie-suisse\\\/pourquoi-la-precision-des-salaires-suisses-est-importante-dans-les-operations-de-paie-internationales\\\/#breadcrumb\",\"itemListElement\":[{\"@type\":\"ListItem\",\"position\":1,\"name\":\"Home\",\"item\":\"https:\\\/\\\/www.applic8.com\\\/fr\\\/\"},{\"@type\":\"ListItem\",\"position\":2,\"name\":\"Paie suisse\",\"item\":\"https:\\\/\\\/www.applic8.com\\\/fr\\\/blog\\\/paie-suisse\\\/\"},{\"@type\":\"ListItem\",\"position\":3,\"name\":\"Pourquoi la pr\u00e9cision des salaires suisses est importante dans les op\u00e9rations de paie internationales\"}]},{\"@type\":\"WebSite\",\"@id\":\"https:\\\/\\\/www.applic8.com\\\/fr\\\/#website\",\"url\":\"https:\\\/\\\/www.applic8.com\\\/fr\\\/\",\"name\":\"Applic8\",\"description\":\"The HR Cloud Company\",\"publisher\":{\"@id\":\"https:\\\/\\\/www.applic8.com\\\/fr\\\/#organization\"},\"potentialAction\":[{\"@type\":\"SearchAction\",\"target\":{\"@type\":\"EntryPoint\",\"urlTemplate\":\"https:\\\/\\\/www.applic8.com\\\/fr\\\/?s={search_term_string}\"},\"query-input\":{\"@type\":\"PropertyValueSpecification\",\"valueRequired\":true,\"valueName\":\"search_term_string\"}}],\"inLanguage\":\"fr-FR\"},{\"@type\":\"Organization\",\"@id\":\"https:\\\/\\\/www.applic8.com\\\/fr\\\/#organization\",\"name\":\"Applic8\",\"url\":\"https:\\\/\\\/www.applic8.com\\\/fr\\\/\",\"logo\":{\"@type\":\"ImageObject\",\"inLanguage\":\"fr-FR\",\"@id\":\"https:\\\/\\\/www.applic8.com\\\/fr\\\/#\\\/schema\\\/logo\\\/image\\\/\",\"url\":\"https:\\\/\\\/www.applic8.com\\\/wp-content\\\/uploads\\\/2022\\\/09\\\/applic8_logo_dark.svg\",\"contentUrl\":\"https:\\\/\\\/www.applic8.com\\\/wp-content\\\/uploads\\\/2022\\\/09\\\/applic8_logo_dark.svg\",\"width\":\"1024\",\"height\":\"1024\",\"caption\":\"Applic8\"},\"image\":{\"@id\":\"https:\\\/\\\/www.applic8.com\\\/fr\\\/#\\\/schema\\\/logo\\\/image\\\/\"},\"sameAs\":[\"https:\\\/\\\/www.linkedin.com\\\/company\\\/applic8-sa\\\/\"]},{\"@type\":\"Person\",\"@id\":\"https:\\\/\\\/www.applic8.com\\\/fr\\\/#\\\/schema\\\/person\\\/f70756d6dde93059b742a0391d7b5def\",\"name\":\"Jensen Bandada\",\"image\":{\"@type\":\"ImageObject\",\"inLanguage\":\"fr-FR\",\"@id\":\"https:\\\/\\\/secure.gravatar.com\\\/avatar\\\/4e404d39c915a3cf468125992f66a38feaea26c0e9f08c4161ad4238f6135e72?s=96&d=mm&r=g\",\"url\":\"https:\\\/\\\/secure.gravatar.com\\\/avatar\\\/4e404d39c915a3cf468125992f66a38feaea26c0e9f08c4161ad4238f6135e72?s=96&d=mm&r=g\",\"contentUrl\":\"https:\\\/\\\/secure.gravatar.com\\\/avatar\\\/4e404d39c915a3cf468125992f66a38feaea26c0e9f08c4161ad4238f6135e72?s=96&d=mm&r=g\",\"caption\":\"Jensen Bandada\"},\"description\":\"Jensen is a dedicated payroll specialist with years of experience helping businesses manage accurate, timely, and compliant payroll operations. With a deep understanding of local and international payroll regulations, tax requirements, and employee compensation strategies, Jensen has helped companies of all sizes streamline their payroll processes and improve operational efficiency.\",\"sameAs\":[\"https:\\\/\\\/www.linkedin.com\\\/in\\\/jxnsxn\\\/\"],\"url\":\"https:\\\/\\\/www.applic8.com\\\/fr\\\/author\\\/jensen-bandada\\\/\"}]}<\/script>\n<!-- \/ Yoast SEO plugin. -->","yoast_head_json":{"title":"Pourquoi la pr\u00e9cision des salaires suisses est cruciale","description":"La pr\u00e9cision des salaires suisses permet aux op\u00e9rations de paie mondiales de rester conformes, efficaces et align\u00e9es sur les normes internationales.","robots":{"index":"index","follow":"follow","max-snippet":"max-snippet:-1","max-image-preview":"max-image-preview:large","max-video-preview":"max-video-preview:-1"},"canonical":"https:\/\/www.applic8.com\/fr\/paie-suisse\/pourquoi-la-precision-des-salaires-suisses-est-importante-dans-les-operations-de-paie-internationales\/","og_locale":"fr_FR","og_type":"article","og_title":"Pourquoi la pr\u00e9cision des salaires suisses est cruciale","og_description":"La pr\u00e9cision des salaires suisses permet aux op\u00e9rations de paie mondiales de rester conformes, efficaces et align\u00e9es sur les normes internationales.","og_url":"https:\/\/www.applic8.com\/fr\/paie-suisse\/pourquoi-la-precision-des-salaires-suisses-est-importante-dans-les-operations-de-paie-internationales\/","og_site_name":"Applic8","article_published_time":"2026-01-06T08:36:59+00:00","article_modified_time":"2026-03-19T07:45:17+00:00","og_image":[{"width":2560,"height":1920,"url":"https:\/\/www.applic8.com\/wp-content\/uploads\/2026\/01\/pexels-kunitsky-210990-scaled.webp","type":"image\/webp"}],"author":"Jensen Bandada","twitter_card":"summary_large_image","twitter_misc":{"\u00c9crit par":"Jensen Bandada","Dur\u00e9e de lecture estim\u00e9e":"9 minutes"},"schema":{"@context":"https:\/\/schema.org","@graph":[{"@type":"Article","@id":"https:\/\/www.applic8.com\/fr\/paie-suisse\/pourquoi-la-precision-des-salaires-suisses-est-importante-dans-les-operations-de-paie-internationales\/#article","isPartOf":{"@id":"https:\/\/www.applic8.com\/fr\/paie-suisse\/pourquoi-la-precision-des-salaires-suisses-est-importante-dans-les-operations-de-paie-internationales\/"},"author":{"name":"Jensen Bandada","@id":"https:\/\/www.applic8.com\/fr\/#\/schema\/person\/f70756d6dde93059b742a0391d7b5def"},"headline":"Pourquoi la pr\u00e9cision des salaires suisses est importante dans les op\u00e9rations de paie internationales","datePublished":"2026-01-06T08:36:59+00:00","dateModified":"2026-03-19T07:45:17+00:00","mainEntityOfPage":{"@id":"https:\/\/www.applic8.com\/fr\/paie-suisse\/pourquoi-la-precision-des-salaires-suisses-est-importante-dans-les-operations-de-paie-internationales\/"},"wordCount":2369,"publisher":{"@id":"https:\/\/www.applic8.com\/fr\/#organization"},"image":{"@id":"https:\/\/www.applic8.com\/fr\/paie-suisse\/pourquoi-la-precision-des-salaires-suisses-est-importante-dans-les-operations-de-paie-internationales\/#primaryimage"},"thumbnailUrl":"https:\/\/www.applic8.com\/wp-content\/uploads\/2026\/01\/pexels-kunitsky-210990-scaled.webp","articleSection":["Paie mondiale","Paie suisse"],"inLanguage":"fr-FR"},{"@type":"WebPage","@id":"https:\/\/www.applic8.com\/fr\/paie-suisse\/pourquoi-la-precision-des-salaires-suisses-est-importante-dans-les-operations-de-paie-internationales\/","url":"https:\/\/www.applic8.com\/fr\/paie-suisse\/pourquoi-la-precision-des-salaires-suisses-est-importante-dans-les-operations-de-paie-internationales\/","name":"Pourquoi la pr\u00e9cision des salaires suisses est cruciale","isPartOf":{"@id":"https:\/\/www.applic8.com\/fr\/#website"},"primaryImageOfPage":{"@id":"https:\/\/www.applic8.com\/fr\/paie-suisse\/pourquoi-la-precision-des-salaires-suisses-est-importante-dans-les-operations-de-paie-internationales\/#primaryimage"},"image":{"@id":"https:\/\/www.applic8.com\/fr\/paie-suisse\/pourquoi-la-precision-des-salaires-suisses-est-importante-dans-les-operations-de-paie-internationales\/#primaryimage"},"thumbnailUrl":"https:\/\/www.applic8.com\/wp-content\/uploads\/2026\/01\/pexels-kunitsky-210990-scaled.webp","datePublished":"2026-01-06T08:36:59+00:00","dateModified":"2026-03-19T07:45:17+00:00","description":"La pr\u00e9cision des salaires suisses permet aux op\u00e9rations de paie mondiales de rester conformes, efficaces et align\u00e9es sur les normes internationales.","breadcrumb":{"@id":"https:\/\/www.applic8.com\/fr\/paie-suisse\/pourquoi-la-precision-des-salaires-suisses-est-importante-dans-les-operations-de-paie-internationales\/#breadcrumb"},"inLanguage":"fr-FR","potentialAction":[{"@type":"ReadAction","target":["https:\/\/www.applic8.com\/fr\/paie-suisse\/pourquoi-la-precision-des-salaires-suisses-est-importante-dans-les-operations-de-paie-internationales\/"]}]},{"@type":"ImageObject","inLanguage":"fr-FR","@id":"https:\/\/www.applic8.com\/fr\/paie-suisse\/pourquoi-la-precision-des-salaires-suisses-est-importante-dans-les-operations-de-paie-internationales\/#primaryimage","url":"https:\/\/www.applic8.com\/wp-content\/uploads\/2026\/01\/pexels-kunitsky-210990-scaled.webp","contentUrl":"https:\/\/www.applic8.com\/wp-content\/uploads\/2026\/01\/pexels-kunitsky-210990-scaled.webp","width":2560,"height":1920,"caption":"Homme travaillant sur les calculs de paie li\u00e9s aux op\u00e9rations mondiales de Swiss Salary."},{"@type":"BreadcrumbList","@id":"https:\/\/www.applic8.com\/fr\/paie-suisse\/pourquoi-la-precision-des-salaires-suisses-est-importante-dans-les-operations-de-paie-internationales\/#breadcrumb","itemListElement":[{"@type":"ListItem","position":1,"name":"Home","item":"https:\/\/www.applic8.com\/fr\/"},{"@type":"ListItem","position":2,"name":"Paie suisse","item":"https:\/\/www.applic8.com\/fr\/blog\/paie-suisse\/"},{"@type":"ListItem","position":3,"name":"Pourquoi la pr\u00e9cision des salaires suisses est importante dans les op\u00e9rations de paie internationales"}]},{"@type":"WebSite","@id":"https:\/\/www.applic8.com\/fr\/#website","url":"https:\/\/www.applic8.com\/fr\/","name":"Applic8","description":"The HR Cloud Company","publisher":{"@id":"https:\/\/www.applic8.com\/fr\/#organization"},"potentialAction":[{"@type":"SearchAction","target":{"@type":"EntryPoint","urlTemplate":"https:\/\/www.applic8.com\/fr\/?s={search_term_string}"},"query-input":{"@type":"PropertyValueSpecification","valueRequired":true,"valueName":"search_term_string"}}],"inLanguage":"fr-FR"},{"@type":"Organization","@id":"https:\/\/www.applic8.com\/fr\/#organization","name":"Applic8","url":"https:\/\/www.applic8.com\/fr\/","logo":{"@type":"ImageObject","inLanguage":"fr-FR","@id":"https:\/\/www.applic8.com\/fr\/#\/schema\/logo\/image\/","url":"https:\/\/www.applic8.com\/wp-content\/uploads\/2022\/09\/applic8_logo_dark.svg","contentUrl":"https:\/\/www.applic8.com\/wp-content\/uploads\/2022\/09\/applic8_logo_dark.svg","width":"1024","height":"1024","caption":"Applic8"},"image":{"@id":"https:\/\/www.applic8.com\/fr\/#\/schema\/logo\/image\/"},"sameAs":["https:\/\/www.linkedin.com\/company\/applic8-sa\/"]},{"@type":"Person","@id":"https:\/\/www.applic8.com\/fr\/#\/schema\/person\/f70756d6dde93059b742a0391d7b5def","name":"Jensen Bandada","image":{"@type":"ImageObject","inLanguage":"fr-FR","@id":"https:\/\/secure.gravatar.com\/avatar\/4e404d39c915a3cf468125992f66a38feaea26c0e9f08c4161ad4238f6135e72?s=96&d=mm&r=g","url":"https:\/\/secure.gravatar.com\/avatar\/4e404d39c915a3cf468125992f66a38feaea26c0e9f08c4161ad4238f6135e72?s=96&d=mm&r=g","contentUrl":"https:\/\/secure.gravatar.com\/avatar\/4e404d39c915a3cf468125992f66a38feaea26c0e9f08c4161ad4238f6135e72?s=96&d=mm&r=g","caption":"Jensen Bandada"},"description":"Jensen is a dedicated payroll specialist with years of experience helping businesses manage accurate, timely, and compliant payroll operations. With a deep understanding of local and international payroll regulations, tax requirements, and employee compensation strategies, Jensen has helped companies of all sizes streamline their payroll processes and improve operational efficiency.","sameAs":["https:\/\/www.linkedin.com\/in\/jxnsxn\/"],"url":"https:\/\/www.applic8.com\/fr\/author\/jensen-bandada\/"}]}},"_links":{"self":[{"href":"https:\/\/www.applic8.com\/fr\/wp-json\/wp\/v2\/posts\/11183","targetHints":{"allow":["GET"]}}],"collection":[{"href":"https:\/\/www.applic8.com\/fr\/wp-json\/wp\/v2\/posts"}],"about":[{"href":"https:\/\/www.applic8.com\/fr\/wp-json\/wp\/v2\/types\/post"}],"author":[{"embeddable":true,"href":"https:\/\/www.applic8.com\/fr\/wp-json\/wp\/v2\/users\/8"}],"replies":[{"embeddable":true,"href":"https:\/\/www.applic8.com\/fr\/wp-json\/wp\/v2\/comments?post=11183"}],"version-history":[{"count":3,"href":"https:\/\/www.applic8.com\/fr\/wp-json\/wp\/v2\/posts\/11183\/revisions"}],"predecessor-version":[{"id":11917,"href":"https:\/\/www.applic8.com\/fr\/wp-json\/wp\/v2\/posts\/11183\/revisions\/11917"}],"wp:featuredmedia":[{"embeddable":true,"href":"https:\/\/www.applic8.com\/fr\/wp-json\/wp\/v2\/media\/11184"}],"wp:attachment":[{"href":"https:\/\/www.applic8.com\/fr\/wp-json\/wp\/v2\/media?parent=11183"}],"wp:term":[{"taxonomy":"category","embeddable":true,"href":"https:\/\/www.applic8.com\/fr\/wp-json\/wp\/v2\/categories?post=11183"},{"taxonomy":"post_tag","embeddable":true,"href":"https:\/\/www.applic8.com\/fr\/wp-json\/wp\/v2\/tags?post=11183"}],"curies":[{"name":"wp","href":"https:\/\/api.w.org\/{rel}","templated":true}]}}