{"id":10412,"date":"2024-05-14T10:23:42","date_gmt":"2024-05-14T10:23:42","guid":{"rendered":"https:\/\/www.applic8.com\/non-categorise\/sensibilisation-a-la-sante-mentale-au-travail-pourquoi-nous-devons-nous-ouvrir\/"},"modified":"2026-03-13T08:59:52","modified_gmt":"2026-03-13T08:59:52","slug":"sensibilisation-a-la-sante-mentale-au-travail-pourquoi-nous-devons-nous-ouvrir","status":"publish","type":"post","link":"https:\/\/www.applic8.com\/fr\/en-vedette\/sensibilisation-a-la-sante-mentale-au-travail-pourquoi-nous-devons-nous-ouvrir\/","title":{"rendered":"Sensibilisation \u00e0 la sant\u00e9 mentale au travail : Pourquoi nous devons nous ouvrir"},"content":{"rendered":"<p id=\"ember41\" class=\"ember-view reader-content-blocks__paragraph\">Ces derni\u00e8res ann\u00e9es, l&rsquo;importance de la sensibilisation \u00e0 la sant\u00e9 mentale sur le lieu de travail a fait l&rsquo;objet d&rsquo;une attention particuli\u00e8re. Alors que la compr\u00e9hension de la sant\u00e9 mentale par la soci\u00e9t\u00e9 continue d&rsquo;\u00e9voluer, les employeurs se rendent compte de l&rsquo;impact que le bien-\u00eatre mental peut avoir sur la productivit\u00e9, l&rsquo;engagement et la satisfaction g\u00e9n\u00e9rale des employ\u00e9s. Dans ce blog, nous allons explorer les raisons pour lesquelles favoriser une culture d&rsquo;ouverture et de soutien autour de la sant\u00e9 mentale est crucial dans les lieux de travail d&rsquo;aujourd&rsquo;hui.<\/p>\n<h2 id=\"ember42\" class=\"ember-view reader-content-blocks__paragraph\"><strong>Briser la stigmatisation<\/strong><\/h2>\n<p>&nbsp;<\/p>\n<p id=\"ember43\" class=\"ember-view reader-content-blocks__paragraph\">L&rsquo;une des principales raisons pour lesquelles la sensibilisation \u00e0 la sant\u00e9 mentale au travail est essentielle est de briser la stigmatisation qui entoure la maladie mentale. Selon des statistiques r\u00e9centes, 26 % des salari\u00e9s \u00e0 temps plein et 27 % des salari\u00e9s \u00e0 temps partiel d\u00e9clarent craindre d&rsquo;\u00eatre jug\u00e9s s&rsquo;ils parlent de leur sant\u00e9 mentale. En cons\u00e9quence, ils peuvent se sentir repli\u00e9s sur eux-m\u00eames, isol\u00e9s et moins aptes \u00e0 avoir des relations sociales. En encourageant les conversations ouvertes sur la sant\u00e9 mentale au travail, les employeurs peuvent cr\u00e9er un environnement dans lequel les employ\u00e9s se sentent \u00e0 l&rsquo;aise pour parler de leurs difficult\u00e9s et demander de l&rsquo;aide sans craindre d&rsquo;\u00eatre jug\u00e9s ou stigmatis\u00e9s.<\/p>\n<h2 id=\"ember44\" class=\"ember-view reader-content-blocks__paragraph\"><strong>Am\u00e9liorer le bien-\u00eatre des employ\u00e9s<\/strong><\/h2>\n<p>&nbsp;<\/p>\n<p id=\"ember45\" class=\"ember-view reader-content-blocks__paragraph\">Promouvoir la sensibilisation \u00e0 la sant\u00e9 mentale au travail ne consiste pas seulement \u00e0 briser la stigmatisation, mais aussi \u00e0 am\u00e9liorer le bien-\u00eatre des employ\u00e9s. Les recherches ont toujours montr\u00e9 que les employ\u00e9s qui se sentent soutenus dans leur sant\u00e9 mentale sont plus engag\u00e9s, plus productifs et plus satisfaits dans leur travail. \u00c0 l&rsquo;inverse, les probl\u00e8mes de sant\u00e9 mentale non trait\u00e9s peuvent entra\u00eener de l&rsquo;absent\u00e9isme, du pr\u00e9sent\u00e9isme et une baisse des performances professionnelles. Selon des \u00e9tudes r\u00e9centes, la crise du co\u00fbt de la vie est celle qui a le plus d&rsquo;impact sur la sant\u00e9 mentale des employ\u00e9s : 52 % des employ\u00e9s \u00e0 temps plein et 59 % des employ\u00e9s \u00e0 temps partiel d\u00e9clarent qu&rsquo;elle les affecte. En accordant la priorit\u00e9 \u00e0 la sensibilisation et au soutien en mati\u00e8re de sant\u00e9 mentale, les employeurs peuvent cr\u00e9er des lieux de travail plus sains, plus heureux et plus productifs.<\/p>\n<h2 id=\"ember46\" class=\"ember-view reader-content-blocks__paragraph\"><strong>Am\u00e9liorer l&rsquo;acc\u00e8s aux ressources<\/strong><\/h2>\n<p>&nbsp;<\/p>\n<p id=\"ember47\" class=\"ember-view reader-content-blocks__paragraph\">Un autre avantage de la sensibilisation \u00e0 la sant\u00e9 mentale sur le lieu de travail est l&rsquo;am\u00e9lioration de l&rsquo;acc\u00e8s aux ressources et au soutien en mati\u00e8re de sant\u00e9 mentale. De nombreux employ\u00e9s ne connaissent pas les ressources disponibles en mati\u00e8re de sant\u00e9 mentale ou h\u00e9sitent \u00e0 demander de l&rsquo;aide en raison de la stigmatisation ou du manque d&rsquo;information. En communiquant de mani\u00e8re proactive sur les ressources disponibles, telles que les programmes d&rsquo;aide aux employ\u00e9s (PAE), les services de conseil ou les ateliers sur la sant\u00e9 mentale, les employeurs peuvent s&rsquo;assurer que les employ\u00e9s savent vers qui se tourner pour obtenir du soutien lorsqu&rsquo;ils en ont le plus besoin.<\/p>\n<h2 id=\"ember48\" class=\"ember-view reader-content-blocks__paragraph\"><strong>Favoriser une culture de soutien<\/strong><\/h2>\n<p>&nbsp;<\/p>\n<p id=\"ember49\" class=\"ember-view reader-content-blocks__paragraph\">La promotion d&rsquo;une culture de soutien en mati\u00e8re de sant\u00e9 mentale envoie un message fort aux employ\u00e9s : leur bien-\u00eatre est important. Lorsque les employ\u00e9s se sentent soutenus par leur employeur et leurs coll\u00e8gues, ils sont plus enclins \u00e0 parler de leurs probl\u00e8mes de sant\u00e9 mentale et \u00e0 demander de l&rsquo;aide si n\u00e9cessaire. Cela peut \u00e0 son tour renforcer la confiance, la coh\u00e9sion et la camaraderie entre les membres de l&rsquo;\u00e9quipe.<\/p>\n<h2 id=\"ember50\" class=\"ember-view reader-content-blocks__paragraph\"><strong>Promouvoir l&rsquo;\u00e9quilibre entre vie professionnelle et vie priv\u00e9e<\/strong><\/h2>\n<p>&nbsp;<\/p>\n<p id=\"ember51\" class=\"ember-view reader-content-blocks__paragraph\">La sensibilisation \u00e0 la sant\u00e9 mentale au travail passe \u00e9galement par la reconnaissance de l&rsquo;importance de l&rsquo;\u00e9quilibre entre vie professionnelle et vie priv\u00e9e. Dans le monde hyperconnect\u00e9 d&rsquo;aujourd&rsquo;hui, de nombreux employ\u00e9s ont du mal \u00e0 se d\u00e9connecter de leur travail, ce qui les conduit \u00e0 l&rsquo;\u00e9puisement professionnel et au stress. Les employeurs peuvent favoriser le bien-\u00eatre de leurs employ\u00e9s en encourageant des limites saines entre le travail et la vie priv\u00e9e, en favorisant des modalit\u00e9s de travail flexibles et en fournissant des ressources pour la gestion du stress et la prise en charge de soi.<\/p>\n<h3 id=\"ember52\" class=\"ember-view reader-content-blocks__paragraph\"><strong>Montrer l&rsquo;exemple<\/strong><\/h3>\n<p>&nbsp;<\/p>\n<p id=\"ember53\" class=\"ember-view reader-content-blocks__paragraph\">En tant que leaders sur le lieu de travail, les employeurs ont une occasion unique de montrer l&rsquo;exemple en mati\u00e8re de sensibilisation \u00e0 la sant\u00e9 mentale. En discutant ouvertement de leurs propres exp\u00e9riences en mati\u00e8re de sant\u00e9 mentale, en recherchant un soutien en cas de besoin et en accordant la priorit\u00e9 \u00e0 leur propre bien-\u00eatre, les employeurs peuvent donner un ton positif \u00e0 leur organisation et inspirer les autres \u00e0 faire de m\u00eame.<\/p>\n<h3 id=\"ember54\" class=\"ember-view reader-content-blocks__paragraph\"><strong>Soutenir les employ\u00e9s souffrant de troubles mentaux<\/strong><\/h3>\n<p>&nbsp;<\/p>\n<p id=\"ember55\" class=\"ember-view reader-content-blocks__paragraph\">Les employeurs peuvent soutenir la sant\u00e9 mentale de leurs employ\u00e9s en mettant en \u0153uvre plusieurs strat\u00e9gies. Tout d&rsquo;abord, ils peuvent proposer une formation en sant\u00e9 mentale aux cadres afin de les aider \u00e0 reconna\u00eetre les signes de d\u00e9tresse et \u00e0 apporter un soutien appropri\u00e9. En outre, les employeurs peuvent cr\u00e9er un environnement de travail favorable en favorisant l&rsquo;\u00e9quilibre entre vie professionnelle et vie priv\u00e9e, en encourageant une communication ouverte et en donnant acc\u00e8s \u00e0 des ressources de sant\u00e9 mentale telles que des services de conseil ou des programmes d&rsquo;aide aux employ\u00e9s. Des entretiens r\u00e9guliers avec les employ\u00e9s peuvent \u00e9galement permettre d&rsquo;identifier rapidement les probl\u00e8mes et de s&rsquo;assurer que les employ\u00e9s se sentent soutenus et valoris\u00e9s. En accordant la priorit\u00e9 \u00e0 la sensibilisation et au soutien en mati\u00e8re de sant\u00e9 mentale, les employeurs peuvent cr\u00e9er des lieux de travail o\u00f9 les employ\u00e9s se sentent habilit\u00e9s \u00e0 donner la priorit\u00e9 \u00e0 leur bien-\u00eatre et \u00e0 s&rsquo;\u00e9panouir tant sur le plan personnel que professionnel.<\/p>\n<p id=\"ember57\" class=\"ember-view reader-content-blocks__paragraph\">En conclusion, la sensibilisation \u00e0 la sant\u00e9 mentale au travail est essentielle pour cr\u00e9er des lieux de travail favorables, sains et productifs. En brisant la stigmatisation qui entoure la maladie mentale, en am\u00e9liorant le bien-\u00eatre des employ\u00e9s, en facilitant l&rsquo;acc\u00e8s aux ressources, en favorisant une culture de soutien, en promouvant l&rsquo;\u00e9quilibre entre vie professionnelle et vie priv\u00e9e et en montrant l&rsquo;exemple, les employeurs peuvent cr\u00e9er des environnements dans lesquels les employ\u00e9s se sentent valoris\u00e9s, soutenus et habilit\u00e9s \u00e0 donner la priorit\u00e9 \u00e0 leur sant\u00e9 mentale. Dans les environnements de travail actuels, rapides et exigeants, investir dans la sensibilisation \u00e0 la sant\u00e9 mentale n&rsquo;est pas seulement la bonne chose \u00e0 faire, c&rsquo;est aussi une bonne chose pour l&rsquo;entreprise.<\/p>\n","protected":false},"excerpt":{"rendered":"<p>Ces derni\u00e8res ann\u00e9es, l&rsquo;importance de la sensibilisation \u00e0 la sant\u00e9 mentale sur le lieu de&#8230;<\/p>\n","protected":false},"author":8,"featured_media":11309,"comment_status":"closed","ping_status":"open","sticky":false,"template":"","format":"standard","meta":{"content-type":"","inline_featured_image":false,"footnotes":""},"categories":[105,96],"tags":[],"class_list":{"0":"post-10412","1":"post","2":"type-post","3":"status-publish","4":"format-standard","5":"has-post-thumbnail","7":"category-en-vedette","8":"category-paie-mondiale"},"yoast_head":"<!-- This site is optimized with the Yoast SEO plugin v27.3 - https:\/\/yoast.com\/product\/yoast-seo-wordpress\/ -->\n<title>Sant\u00e9 Mentale au Travail : Pourquoi il est Essentiel d\u2019Ouvrir le Dialogue<\/title>\n<meta name=\"description\" content=\"Explorez l&#039;importance de la sensibilisation \u00e0 la sant\u00e9 mentale sur le lieu de travail. Comprenez pourquoi le fait de favoriser des conversations ouvertes sur la sant\u00e9 mentale peut cr\u00e9er un environnement favorable, r\u00e9duire la stigmatisation et am\u00e9liorer le bien-\u00eatre g\u00e9n\u00e9ral et la productivit\u00e9 des employ\u00e9s.\" \/>\n<meta name=\"robots\" content=\"index, follow, max-snippet:-1, max-image-preview:large, max-video-preview:-1\" \/>\n<link rel=\"canonical\" href=\"https:\/\/www.applic8.com\/fr\/en-vedette\/sensibilisation-a-la-sante-mentale-au-travail-pourquoi-nous-devons-nous-ouvrir\/\" \/>\n<meta property=\"og:locale\" content=\"fr_FR\" \/>\n<meta property=\"og:type\" content=\"article\" \/>\n<meta property=\"og:title\" content=\"Sant\u00e9 Mentale au Travail : Pourquoi il est Essentiel d\u2019Ouvrir le Dialogue\" \/>\n<meta property=\"og:description\" content=\"Explorez l&#039;importance de la sensibilisation \u00e0 la sant\u00e9 mentale sur le lieu de travail. Comprenez pourquoi le fait de favoriser des conversations ouvertes sur la sant\u00e9 mentale peut cr\u00e9er un environnement favorable, r\u00e9duire la stigmatisation et am\u00e9liorer le bien-\u00eatre g\u00e9n\u00e9ral et la productivit\u00e9 des employ\u00e9s.\" \/>\n<meta property=\"og:url\" content=\"https:\/\/www.applic8.com\/fr\/en-vedette\/sensibilisation-a-la-sante-mentale-au-travail-pourquoi-nous-devons-nous-ouvrir\/\" \/>\n<meta property=\"og:site_name\" content=\"Applic8\" \/>\n<meta property=\"article:published_time\" content=\"2024-05-14T10:23:42+00:00\" \/>\n<meta property=\"article:modified_time\" content=\"2026-03-13T08:59:52+00:00\" \/>\n<meta property=\"og:image\" content=\"https:\/\/www.applic8.com\/wp-content\/uploads\/2024\/05\/pexels-shvets-production-7176295-scaled.webp\" \/>\n\t<meta property=\"og:image:width\" content=\"2560\" \/>\n\t<meta property=\"og:image:height\" content=\"1707\" \/>\n\t<meta property=\"og:image:type\" content=\"image\/webp\" \/>\n<meta name=\"author\" content=\"Jensen Bandada\" \/>\n<meta name=\"twitter:card\" content=\"summary_large_image\" \/>\n<meta name=\"twitter:label1\" content=\"\u00c9crit par\" \/>\n\t<meta name=\"twitter:data1\" content=\"Jensen Bandada\" \/>\n\t<meta name=\"twitter:label2\" content=\"Dur\u00e9e de lecture estim\u00e9e\" \/>\n\t<meta name=\"twitter:data2\" content=\"5 minutes\" \/>\n<script type=\"application\/ld+json\" class=\"yoast-schema-graph\">{\"@context\":\"https:\\\/\\\/schema.org\",\"@graph\":[{\"@type\":\"Article\",\"@id\":\"https:\\\/\\\/www.applic8.com\\\/fr\\\/en-vedette\\\/sensibilisation-a-la-sante-mentale-au-travail-pourquoi-nous-devons-nous-ouvrir\\\/#article\",\"isPartOf\":{\"@id\":\"https:\\\/\\\/www.applic8.com\\\/fr\\\/en-vedette\\\/sensibilisation-a-la-sante-mentale-au-travail-pourquoi-nous-devons-nous-ouvrir\\\/\"},\"author\":{\"name\":\"Jensen Bandada\",\"@id\":\"https:\\\/\\\/www.applic8.com\\\/fr\\\/#\\\/schema\\\/person\\\/f70756d6dde93059b742a0391d7b5def\"},\"headline\":\"Sensibilisation \u00e0 la sant\u00e9 mentale au travail : Pourquoi nous devons nous ouvrir\",\"datePublished\":\"2024-05-14T10:23:42+00:00\",\"dateModified\":\"2026-03-13T08:59:52+00:00\",\"mainEntityOfPage\":{\"@id\":\"https:\\\/\\\/www.applic8.com\\\/fr\\\/en-vedette\\\/sensibilisation-a-la-sante-mentale-au-travail-pourquoi-nous-devons-nous-ouvrir\\\/\"},\"wordCount\":1134,\"publisher\":{\"@id\":\"https:\\\/\\\/www.applic8.com\\\/fr\\\/#organization\"},\"image\":{\"@id\":\"https:\\\/\\\/www.applic8.com\\\/fr\\\/en-vedette\\\/sensibilisation-a-la-sante-mentale-au-travail-pourquoi-nous-devons-nous-ouvrir\\\/#primaryimage\"},\"thumbnailUrl\":\"https:\\\/\\\/www.applic8.com\\\/wp-content\\\/uploads\\\/2024\\\/05\\\/pexels-shvets-production-7176295-scaled.webp\",\"articleSection\":[\"En vedette\",\"Paie mondiale\"],\"inLanguage\":\"fr-FR\"},{\"@type\":\"WebPage\",\"@id\":\"https:\\\/\\\/www.applic8.com\\\/fr\\\/en-vedette\\\/sensibilisation-a-la-sante-mentale-au-travail-pourquoi-nous-devons-nous-ouvrir\\\/\",\"url\":\"https:\\\/\\\/www.applic8.com\\\/fr\\\/en-vedette\\\/sensibilisation-a-la-sante-mentale-au-travail-pourquoi-nous-devons-nous-ouvrir\\\/\",\"name\":\"Sant\u00e9 Mentale au Travail : Pourquoi il est Essentiel d\u2019Ouvrir le Dialogue\",\"isPartOf\":{\"@id\":\"https:\\\/\\\/www.applic8.com\\\/fr\\\/#website\"},\"primaryImageOfPage\":{\"@id\":\"https:\\\/\\\/www.applic8.com\\\/fr\\\/en-vedette\\\/sensibilisation-a-la-sante-mentale-au-travail-pourquoi-nous-devons-nous-ouvrir\\\/#primaryimage\"},\"image\":{\"@id\":\"https:\\\/\\\/www.applic8.com\\\/fr\\\/en-vedette\\\/sensibilisation-a-la-sante-mentale-au-travail-pourquoi-nous-devons-nous-ouvrir\\\/#primaryimage\"},\"thumbnailUrl\":\"https:\\\/\\\/www.applic8.com\\\/wp-content\\\/uploads\\\/2024\\\/05\\\/pexels-shvets-production-7176295-scaled.webp\",\"datePublished\":\"2024-05-14T10:23:42+00:00\",\"dateModified\":\"2026-03-13T08:59:52+00:00\",\"description\":\"Explorez l'importance de la sensibilisation \u00e0 la sant\u00e9 mentale sur le lieu de travail. Comprenez pourquoi le fait de favoriser des conversations ouvertes sur la sant\u00e9 mentale peut cr\u00e9er un environnement favorable, r\u00e9duire la stigmatisation et am\u00e9liorer le bien-\u00eatre g\u00e9n\u00e9ral et la productivit\u00e9 des employ\u00e9s.\",\"breadcrumb\":{\"@id\":\"https:\\\/\\\/www.applic8.com\\\/fr\\\/en-vedette\\\/sensibilisation-a-la-sante-mentale-au-travail-pourquoi-nous-devons-nous-ouvrir\\\/#breadcrumb\"},\"inLanguage\":\"fr-FR\",\"potentialAction\":[{\"@type\":\"ReadAction\",\"target\":[\"https:\\\/\\\/www.applic8.com\\\/fr\\\/en-vedette\\\/sensibilisation-a-la-sante-mentale-au-travail-pourquoi-nous-devons-nous-ouvrir\\\/\"]}]},{\"@type\":\"ImageObject\",\"inLanguage\":\"fr-FR\",\"@id\":\"https:\\\/\\\/www.applic8.com\\\/fr\\\/en-vedette\\\/sensibilisation-a-la-sante-mentale-au-travail-pourquoi-nous-devons-nous-ouvrir\\\/#primaryimage\",\"url\":\"https:\\\/\\\/www.applic8.com\\\/wp-content\\\/uploads\\\/2024\\\/05\\\/pexels-shvets-production-7176295-scaled.webp\",\"contentUrl\":\"https:\\\/\\\/www.applic8.com\\\/wp-content\\\/uploads\\\/2024\\\/05\\\/pexels-shvets-production-7176295-scaled.webp\",\"width\":2560,\"height\":1707,\"caption\":\"Women talking in a calm setting, symbolizing mental health awareness,\"},{\"@type\":\"BreadcrumbList\",\"@id\":\"https:\\\/\\\/www.applic8.com\\\/fr\\\/en-vedette\\\/sensibilisation-a-la-sante-mentale-au-travail-pourquoi-nous-devons-nous-ouvrir\\\/#breadcrumb\",\"itemListElement\":[{\"@type\":\"ListItem\",\"position\":1,\"name\":\"Home\",\"item\":\"https:\\\/\\\/www.applic8.com\\\/fr\\\/\"},{\"@type\":\"ListItem\",\"position\":2,\"name\":\"En vedette\",\"item\":\"https:\\\/\\\/www.applic8.com\\\/fr\\\/blog\\\/en-vedette\\\/\"},{\"@type\":\"ListItem\",\"position\":3,\"name\":\"Sensibilisation \u00e0 la sant\u00e9 mentale au travail : Pourquoi nous devons nous ouvrir\"}]},{\"@type\":\"WebSite\",\"@id\":\"https:\\\/\\\/www.applic8.com\\\/fr\\\/#website\",\"url\":\"https:\\\/\\\/www.applic8.com\\\/fr\\\/\",\"name\":\"Applic8\",\"description\":\"The HR Cloud Company\",\"publisher\":{\"@id\":\"https:\\\/\\\/www.applic8.com\\\/fr\\\/#organization\"},\"potentialAction\":[{\"@type\":\"SearchAction\",\"target\":{\"@type\":\"EntryPoint\",\"urlTemplate\":\"https:\\\/\\\/www.applic8.com\\\/fr\\\/?s={search_term_string}\"},\"query-input\":{\"@type\":\"PropertyValueSpecification\",\"valueRequired\":true,\"valueName\":\"search_term_string\"}}],\"inLanguage\":\"fr-FR\"},{\"@type\":\"Organization\",\"@id\":\"https:\\\/\\\/www.applic8.com\\\/fr\\\/#organization\",\"name\":\"Applic8\",\"url\":\"https:\\\/\\\/www.applic8.com\\\/fr\\\/\",\"logo\":{\"@type\":\"ImageObject\",\"inLanguage\":\"fr-FR\",\"@id\":\"https:\\\/\\\/www.applic8.com\\\/fr\\\/#\\\/schema\\\/logo\\\/image\\\/\",\"url\":\"https:\\\/\\\/www.applic8.com\\\/wp-content\\\/uploads\\\/2022\\\/09\\\/applic8_logo_dark.svg\",\"contentUrl\":\"https:\\\/\\\/www.applic8.com\\\/wp-content\\\/uploads\\\/2022\\\/09\\\/applic8_logo_dark.svg\",\"width\":\"1024\",\"height\":\"1024\",\"caption\":\"Applic8\"},\"image\":{\"@id\":\"https:\\\/\\\/www.applic8.com\\\/fr\\\/#\\\/schema\\\/logo\\\/image\\\/\"},\"sameAs\":[\"https:\\\/\\\/www.linkedin.com\\\/company\\\/applic8-sa\\\/\"]},{\"@type\":\"Person\",\"@id\":\"https:\\\/\\\/www.applic8.com\\\/fr\\\/#\\\/schema\\\/person\\\/f70756d6dde93059b742a0391d7b5def\",\"name\":\"Jensen Bandada\",\"image\":{\"@type\":\"ImageObject\",\"inLanguage\":\"fr-FR\",\"@id\":\"https:\\\/\\\/secure.gravatar.com\\\/avatar\\\/4e404d39c915a3cf468125992f66a38feaea26c0e9f08c4161ad4238f6135e72?s=96&d=mm&r=g\",\"url\":\"https:\\\/\\\/secure.gravatar.com\\\/avatar\\\/4e404d39c915a3cf468125992f66a38feaea26c0e9f08c4161ad4238f6135e72?s=96&d=mm&r=g\",\"contentUrl\":\"https:\\\/\\\/secure.gravatar.com\\\/avatar\\\/4e404d39c915a3cf468125992f66a38feaea26c0e9f08c4161ad4238f6135e72?s=96&d=mm&r=g\",\"caption\":\"Jensen Bandada\"},\"description\":\"Jensen is a dedicated payroll specialist with years of experience helping businesses manage accurate, timely, and compliant payroll operations. With a deep understanding of local and international payroll regulations, tax requirements, and employee compensation strategies, Jensen has helped companies of all sizes streamline their payroll processes and improve operational efficiency.\",\"sameAs\":[\"https:\\\/\\\/www.linkedin.com\\\/in\\\/jxnsxn\\\/\"],\"url\":\"https:\\\/\\\/www.applic8.com\\\/fr\\\/author\\\/jensen-bandada\\\/\"}]}<\/script>\n<!-- \/ Yoast SEO plugin. -->","yoast_head_json":{"title":"Sant\u00e9 Mentale au Travail : Pourquoi il est Essentiel d\u2019Ouvrir le Dialogue","description":"Explorez l'importance de la sensibilisation \u00e0 la sant\u00e9 mentale sur le lieu de travail. Comprenez pourquoi le fait de favoriser des conversations ouvertes sur la sant\u00e9 mentale peut cr\u00e9er un environnement favorable, r\u00e9duire la stigmatisation et am\u00e9liorer le bien-\u00eatre g\u00e9n\u00e9ral et la productivit\u00e9 des employ\u00e9s.","robots":{"index":"index","follow":"follow","max-snippet":"max-snippet:-1","max-image-preview":"max-image-preview:large","max-video-preview":"max-video-preview:-1"},"canonical":"https:\/\/www.applic8.com\/fr\/en-vedette\/sensibilisation-a-la-sante-mentale-au-travail-pourquoi-nous-devons-nous-ouvrir\/","og_locale":"fr_FR","og_type":"article","og_title":"Sant\u00e9 Mentale au Travail : Pourquoi il est Essentiel d\u2019Ouvrir le Dialogue","og_description":"Explorez l'importance de la sensibilisation \u00e0 la sant\u00e9 mentale sur le lieu de travail. Comprenez pourquoi le fait de favoriser des conversations ouvertes sur la sant\u00e9 mentale peut cr\u00e9er un environnement favorable, r\u00e9duire la stigmatisation et am\u00e9liorer le bien-\u00eatre g\u00e9n\u00e9ral et la productivit\u00e9 des employ\u00e9s.","og_url":"https:\/\/www.applic8.com\/fr\/en-vedette\/sensibilisation-a-la-sante-mentale-au-travail-pourquoi-nous-devons-nous-ouvrir\/","og_site_name":"Applic8","article_published_time":"2024-05-14T10:23:42+00:00","article_modified_time":"2026-03-13T08:59:52+00:00","og_image":[{"width":2560,"height":1707,"url":"https:\/\/www.applic8.com\/wp-content\/uploads\/2024\/05\/pexels-shvets-production-7176295-scaled.webp","type":"image\/webp"}],"author":"Jensen Bandada","twitter_card":"summary_large_image","twitter_misc":{"\u00c9crit par":"Jensen Bandada","Dur\u00e9e de lecture estim\u00e9e":"5 minutes"},"schema":{"@context":"https:\/\/schema.org","@graph":[{"@type":"Article","@id":"https:\/\/www.applic8.com\/fr\/en-vedette\/sensibilisation-a-la-sante-mentale-au-travail-pourquoi-nous-devons-nous-ouvrir\/#article","isPartOf":{"@id":"https:\/\/www.applic8.com\/fr\/en-vedette\/sensibilisation-a-la-sante-mentale-au-travail-pourquoi-nous-devons-nous-ouvrir\/"},"author":{"name":"Jensen Bandada","@id":"https:\/\/www.applic8.com\/fr\/#\/schema\/person\/f70756d6dde93059b742a0391d7b5def"},"headline":"Sensibilisation \u00e0 la sant\u00e9 mentale au travail : Pourquoi nous devons nous ouvrir","datePublished":"2024-05-14T10:23:42+00:00","dateModified":"2026-03-13T08:59:52+00:00","mainEntityOfPage":{"@id":"https:\/\/www.applic8.com\/fr\/en-vedette\/sensibilisation-a-la-sante-mentale-au-travail-pourquoi-nous-devons-nous-ouvrir\/"},"wordCount":1134,"publisher":{"@id":"https:\/\/www.applic8.com\/fr\/#organization"},"image":{"@id":"https:\/\/www.applic8.com\/fr\/en-vedette\/sensibilisation-a-la-sante-mentale-au-travail-pourquoi-nous-devons-nous-ouvrir\/#primaryimage"},"thumbnailUrl":"https:\/\/www.applic8.com\/wp-content\/uploads\/2024\/05\/pexels-shvets-production-7176295-scaled.webp","articleSection":["En vedette","Paie mondiale"],"inLanguage":"fr-FR"},{"@type":"WebPage","@id":"https:\/\/www.applic8.com\/fr\/en-vedette\/sensibilisation-a-la-sante-mentale-au-travail-pourquoi-nous-devons-nous-ouvrir\/","url":"https:\/\/www.applic8.com\/fr\/en-vedette\/sensibilisation-a-la-sante-mentale-au-travail-pourquoi-nous-devons-nous-ouvrir\/","name":"Sant\u00e9 Mentale au Travail : Pourquoi il est Essentiel d\u2019Ouvrir le Dialogue","isPartOf":{"@id":"https:\/\/www.applic8.com\/fr\/#website"},"primaryImageOfPage":{"@id":"https:\/\/www.applic8.com\/fr\/en-vedette\/sensibilisation-a-la-sante-mentale-au-travail-pourquoi-nous-devons-nous-ouvrir\/#primaryimage"},"image":{"@id":"https:\/\/www.applic8.com\/fr\/en-vedette\/sensibilisation-a-la-sante-mentale-au-travail-pourquoi-nous-devons-nous-ouvrir\/#primaryimage"},"thumbnailUrl":"https:\/\/www.applic8.com\/wp-content\/uploads\/2024\/05\/pexels-shvets-production-7176295-scaled.webp","datePublished":"2024-05-14T10:23:42+00:00","dateModified":"2026-03-13T08:59:52+00:00","description":"Explorez l'importance de la sensibilisation \u00e0 la sant\u00e9 mentale sur le lieu de travail. Comprenez pourquoi le fait de favoriser des conversations ouvertes sur la sant\u00e9 mentale peut cr\u00e9er un environnement favorable, r\u00e9duire la stigmatisation et am\u00e9liorer le bien-\u00eatre g\u00e9n\u00e9ral et la productivit\u00e9 des employ\u00e9s.","breadcrumb":{"@id":"https:\/\/www.applic8.com\/fr\/en-vedette\/sensibilisation-a-la-sante-mentale-au-travail-pourquoi-nous-devons-nous-ouvrir\/#breadcrumb"},"inLanguage":"fr-FR","potentialAction":[{"@type":"ReadAction","target":["https:\/\/www.applic8.com\/fr\/en-vedette\/sensibilisation-a-la-sante-mentale-au-travail-pourquoi-nous-devons-nous-ouvrir\/"]}]},{"@type":"ImageObject","inLanguage":"fr-FR","@id":"https:\/\/www.applic8.com\/fr\/en-vedette\/sensibilisation-a-la-sante-mentale-au-travail-pourquoi-nous-devons-nous-ouvrir\/#primaryimage","url":"https:\/\/www.applic8.com\/wp-content\/uploads\/2024\/05\/pexels-shvets-production-7176295-scaled.webp","contentUrl":"https:\/\/www.applic8.com\/wp-content\/uploads\/2024\/05\/pexels-shvets-production-7176295-scaled.webp","width":2560,"height":1707,"caption":"Women talking in a calm setting, symbolizing mental health awareness,"},{"@type":"BreadcrumbList","@id":"https:\/\/www.applic8.com\/fr\/en-vedette\/sensibilisation-a-la-sante-mentale-au-travail-pourquoi-nous-devons-nous-ouvrir\/#breadcrumb","itemListElement":[{"@type":"ListItem","position":1,"name":"Home","item":"https:\/\/www.applic8.com\/fr\/"},{"@type":"ListItem","position":2,"name":"En vedette","item":"https:\/\/www.applic8.com\/fr\/blog\/en-vedette\/"},{"@type":"ListItem","position":3,"name":"Sensibilisation \u00e0 la sant\u00e9 mentale au travail : Pourquoi nous devons nous ouvrir"}]},{"@type":"WebSite","@id":"https:\/\/www.applic8.com\/fr\/#website","url":"https:\/\/www.applic8.com\/fr\/","name":"Applic8","description":"The HR Cloud Company","publisher":{"@id":"https:\/\/www.applic8.com\/fr\/#organization"},"potentialAction":[{"@type":"SearchAction","target":{"@type":"EntryPoint","urlTemplate":"https:\/\/www.applic8.com\/fr\/?s={search_term_string}"},"query-input":{"@type":"PropertyValueSpecification","valueRequired":true,"valueName":"search_term_string"}}],"inLanguage":"fr-FR"},{"@type":"Organization","@id":"https:\/\/www.applic8.com\/fr\/#organization","name":"Applic8","url":"https:\/\/www.applic8.com\/fr\/","logo":{"@type":"ImageObject","inLanguage":"fr-FR","@id":"https:\/\/www.applic8.com\/fr\/#\/schema\/logo\/image\/","url":"https:\/\/www.applic8.com\/wp-content\/uploads\/2022\/09\/applic8_logo_dark.svg","contentUrl":"https:\/\/www.applic8.com\/wp-content\/uploads\/2022\/09\/applic8_logo_dark.svg","width":"1024","height":"1024","caption":"Applic8"},"image":{"@id":"https:\/\/www.applic8.com\/fr\/#\/schema\/logo\/image\/"},"sameAs":["https:\/\/www.linkedin.com\/company\/applic8-sa\/"]},{"@type":"Person","@id":"https:\/\/www.applic8.com\/fr\/#\/schema\/person\/f70756d6dde93059b742a0391d7b5def","name":"Jensen Bandada","image":{"@type":"ImageObject","inLanguage":"fr-FR","@id":"https:\/\/secure.gravatar.com\/avatar\/4e404d39c915a3cf468125992f66a38feaea26c0e9f08c4161ad4238f6135e72?s=96&d=mm&r=g","url":"https:\/\/secure.gravatar.com\/avatar\/4e404d39c915a3cf468125992f66a38feaea26c0e9f08c4161ad4238f6135e72?s=96&d=mm&r=g","contentUrl":"https:\/\/secure.gravatar.com\/avatar\/4e404d39c915a3cf468125992f66a38feaea26c0e9f08c4161ad4238f6135e72?s=96&d=mm&r=g","caption":"Jensen Bandada"},"description":"Jensen is a dedicated payroll specialist with years of experience helping businesses manage accurate, timely, and compliant payroll operations. With a deep understanding of local and international payroll regulations, tax requirements, and employee compensation strategies, Jensen has helped companies of all sizes streamline their payroll processes and improve operational efficiency.","sameAs":["https:\/\/www.linkedin.com\/in\/jxnsxn\/"],"url":"https:\/\/www.applic8.com\/fr\/author\/jensen-bandada\/"}]}},"_links":{"self":[{"href":"https:\/\/www.applic8.com\/fr\/wp-json\/wp\/v2\/posts\/10412","targetHints":{"allow":["GET"]}}],"collection":[{"href":"https:\/\/www.applic8.com\/fr\/wp-json\/wp\/v2\/posts"}],"about":[{"href":"https:\/\/www.applic8.com\/fr\/wp-json\/wp\/v2\/types\/post"}],"author":[{"embeddable":true,"href":"https:\/\/www.applic8.com\/fr\/wp-json\/wp\/v2\/users\/8"}],"replies":[{"embeddable":true,"href":"https:\/\/www.applic8.com\/fr\/wp-json\/wp\/v2\/comments?post=10412"}],"version-history":[{"count":2,"href":"https:\/\/www.applic8.com\/fr\/wp-json\/wp\/v2\/posts\/10412\/revisions"}],"predecessor-version":[{"id":11816,"href":"https:\/\/www.applic8.com\/fr\/wp-json\/wp\/v2\/posts\/10412\/revisions\/11816"}],"wp:featuredmedia":[{"embeddable":true,"href":"https:\/\/www.applic8.com\/fr\/wp-json\/wp\/v2\/media\/11309"}],"wp:attachment":[{"href":"https:\/\/www.applic8.com\/fr\/wp-json\/wp\/v2\/media?parent=10412"}],"wp:term":[{"taxonomy":"category","embeddable":true,"href":"https:\/\/www.applic8.com\/fr\/wp-json\/wp\/v2\/categories?post=10412"},{"taxonomy":"post_tag","embeddable":true,"href":"https:\/\/www.applic8.com\/fr\/wp-json\/wp\/v2\/tags?post=10412"}],"curies":[{"name":"wp","href":"https:\/\/api.w.org\/{rel}","templated":true}]}}