{"id":10383,"date":"2024-04-23T02:55:00","date_gmt":"2024-04-23T02:55:00","guid":{"rendered":"https:\/\/www.applic8.com\/non-categorise\/naviguer-dans-le-cout-de-la-vie-comment-les-chefs-dentreprise-adaptent-les-salaires-pour-le-bien-etre-des-employes\/"},"modified":"2025-12-08T08:28:14","modified_gmt":"2025-12-08T08:28:14","slug":"naviguer-dans-le-cout-de-la-vie-comment-les-chefs-dentreprise-adaptent-les-salaires-pour-le-bien-etre-des-employes","status":"publish","type":"post","link":"https:\/\/www.applic8.com\/fr\/en-vedette\/naviguer-dans-le-cout-de-la-vie-comment-les-chefs-dentreprise-adaptent-les-salaires-pour-le-bien-etre-des-employes\/","title":{"rendered":"Naviguer dans le co\u00fbt de la vie : Comment les chefs d&rsquo;entreprise adaptent les salaires pour le bien-\u00eatre des employ\u00e9s"},"content":{"rendered":"[vc_row type=\u00a0\u00bbin_container\u00a0\u00bb full_screen_row_position=\u00a0\u00bbmiddle\u00a0\u00bb column_margin=\u00a0\u00bbdefault\u00a0\u00bb column_direction=\u00a0\u00bbdefault\u00a0\u00bb column_direction_tablet=\u00a0\u00bbdefault\u00a0\u00bb column_direction_phone=\u00a0\u00bbdefault\u00a0\u00bb scene_position=\u00a0\u00bbcenter\u00a0\u00bb text_color=\u00a0\u00bbdark\u00a0\u00bb text_align=\u00a0\u00bbleft\u00a0\u00bb row_border_radius=\u00a0\u00bbnone\u00a0\u00bb row_border_radius_applies=\u00a0\u00bbbg\u00a0\u00bb overflow=\u00a0\u00bbvisible\u00a0\u00bb overlay_strength=\u00a0\u00bb0.3&Prime; gradient_direction=\u00a0\u00bbleft_to_right\u00a0\u00bb shape_divider_position=\u00a0\u00bbbottom\u00a0\u00bb bg_image_animation=\u00a0\u00bbnone\u00a0\u00bb][vc_column column_padding=\u00a0\u00bbno-extra-padding\u00a0\u00bb column_padding_tablet=\u00a0\u00bbinherit\u00a0\u00bb column_padding_phone=\u00a0\u00bbinherit\u00a0\u00bb column_padding_position=\u00a0\u00bball\u00a0\u00bb column_element_direction_desktop=\u00a0\u00bbdefault\u00a0\u00bb column_element_spacing=\u00a0\u00bbdefault\u00a0\u00bb desktop_text_alignment=\u00a0\u00bbdefault\u00a0\u00bb tablet_text_alignment=\u00a0\u00bbdefault\u00a0\u00bb phone_text_alignment=\u00a0\u00bbdefault\u00a0\u00bb background_color_opacity=\u00a0\u00bb1&Prime; background_hover_color_opacity=\u00a0\u00bb1&Prime; column_backdrop_filter=\u00a0\u00bbnone\u00a0\u00bb column_shadow=\u00a0\u00bbnone\u00a0\u00bb column_border_radius=\u00a0\u00bbnone\u00a0\u00bb column_link_target=\u00a0\u00bb_self\u00a0\u00bb column_position=\u00a0\u00bbdefault\u00a0\u00bb gradient_direction=\u00a0\u00bbleft_to_right\u00a0\u00bb overlay_strength=\u00a0\u00bb0.3&Prime; width=\u00a0\u00bb1\/1&Prime; tablet_width_inherit=\u00a0\u00bbdefault\u00a0\u00bb animation_type=\u00a0\u00bbdefault\u00a0\u00bb bg_image_animation=\u00a0\u00bbnone\u00a0\u00bb border_type=\u00a0\u00bbsimple\u00a0\u00bb column_border_width=\u00a0\u00bbnone\u00a0\u00bb column_border_style=\u00a0\u00bbsolid\u00a0\u00bb][vc_column_text]\n<p id=\"ember41\" class=\"ember-view reader-content-blocks__paragraph\">Alors que le co\u00fbt de la vie continue d&rsquo;augmenter, les entreprises sont confront\u00e9es au d\u00e9fi de maintenir le bien-\u00eatre des employ\u00e9s tout en \u00e9quilibrant les co\u00fbts op\u00e9rationnels.<\/p>\n<p id=\"ember42\" class=\"ember-view reader-content-blocks__paragraph\">Dans ce blog, nous verrons comment les chefs d&rsquo;entreprise avant-gardistes adaptent les salaires pour faire face \u00e0 l&rsquo;augmentation du co\u00fbt de la vie, en veillant \u00e0 ce que les employ\u00e9s puissent r\u00e9pondre \u00e0 leurs besoins financiers tout en favorisant la loyaut\u00e9, la productivit\u00e9 et la satisfaction g\u00e9n\u00e9rale au sein de la main-d&rsquo;\u0153uvre.<\/p>\n<h2 id=\"ember44\" class=\"ember-view reader-content-blocks__heading-3\" style=\"text-align: left;\"><strong>Comprendre le d\u00e9fi<\/strong><\/h2>\n<p id=\"ember45\" class=\"ember-view reader-content-blocks__paragraph\">Le co\u00fbt de la vie englobe diverses d\u00e9penses, notamment le logement, les services publics, les transports, les soins de sant\u00e9 et l&rsquo;\u00e9picerie. \u00c0 mesure que ces co\u00fbts augmentent, les employ\u00e9s peuvent avoir du mal \u00e0 joindre les deux bouts, ce qui entra\u00eene un stress financier et une baisse du moral. Pour les entreprises, ne pas tenir compte de l&rsquo;augmentation du co\u00fbt de la vie peut entra\u00eener une rotation du personnel, une baisse de la productivit\u00e9 et des difficult\u00e9s \u00e0 attirer les meilleurs talents.  <\/p>\n<h3 id=\"ember47\" class=\"ember-view reader-content-blocks__heading-3\" style=\"text-align: left;\"><strong>Adapter les salaires au bien-\u00eatre des salari\u00e9s<\/strong><\/h3>\n<p id=\"ember48\" class=\"ember-view reader-content-blocks__paragraph\">Pour att\u00e9nuer l&rsquo;impact de l&rsquo;augmentation du co\u00fbt de la vie sur les salari\u00e9s, les chefs d&rsquo;entreprise mettent en \u0153uvre plusieurs strat\u00e9gies pour adapter efficacement les salaires :<\/p>\n<h3 id=\"ember50\" class=\"ember-view reader-content-blocks__heading-3\" style=\"text-align: left;\"><strong>\u00c9valuer r\u00e9guli\u00e8rement le co\u00fbt de la vie<\/strong><\/h3>\n<p id=\"ember51\" class=\"ember-view reader-content-blocks__paragraph\">Les chefs d&rsquo;entreprise proc\u00e8dent \u00e0 des \u00e9valuations r\u00e9guli\u00e8res pour comprendre les d\u00e9fis financiers sp\u00e9cifiques auxquels sont confront\u00e9s les employ\u00e9s dans les diff\u00e9rentes r\u00e9gions. En analysant les co\u00fbts du logement, les taux d&rsquo;inflation et d&rsquo;autres facteurs pertinents, les entreprises peuvent ajuster les salaires en cons\u00e9quence afin que les employ\u00e9s puissent maintenir un niveau de vie d\u00e9cent. <\/p>\n<h3 id=\"ember53\" class=\"ember-view reader-content-blocks__heading-3\" style=\"text-align: left;\"><strong>Mise en \u0153uvre des ajustements au co\u00fbt de la vie (COLA)<\/strong><\/h3>\n<p id=\"ember54\" class=\"ember-view reader-content-blocks__paragraph\">Les ajustements au co\u00fbt de la vie (COLA) sont des augmentations p\u00e9riodiques des salaires pour tenir compte de l&rsquo;inflation et de l&rsquo;augmentation du co\u00fbt de la vie. Les chefs d&rsquo;entreprise peuvent incorporer les COLA dans les programmes de r\u00e9mun\u00e9ration afin d&rsquo;offrir aux employ\u00e9s des augmentations progressives qui suivent le rythme du co\u00fbt de la vie dans leurs r\u00e9gions respectives. <\/p>\n<h3 id=\"ember56\" class=\"ember-view reader-content-blocks__heading-3\" style=\"text-align: left;\"><strong>Offrir une r\u00e9mun\u00e9ration bas\u00e9e sur la performance<\/strong><\/h3>\n<p id=\"ember57\" class=\"ember-view reader-content-blocks__paragraph\">Outre les indemnit\u00e9s de licenciement, les chefs d&rsquo;entreprise peuvent adopter des structures de r\u00e9mun\u00e9ration bas\u00e9es sur les performances qui r\u00e9compensent les employ\u00e9s pour leur contribution au succ\u00e8s de l&rsquo;entreprise. Les primes de performance, les plans d&rsquo;int\u00e9ressement et les augmentations de salaire au m\u00e9rite peuvent fournir aux salari\u00e9s des incitations financi\u00e8res suppl\u00e9mentaires pour exceller dans leurs fonctions, am\u00e9liorant ainsi la r\u00e9tention et le moral. <\/p>\n<h3 id=\"ember59\" class=\"ember-view reader-content-blocks__heading-3\" style=\"text-align: left;\"><strong>Offrir des avantages et des gratifications<\/strong><\/h3>\n<p id=\"ember60\" class=\"ember-view reader-content-blocks__paragraph\">Au-del\u00e0 des salaires de base, les entreprises peuvent am\u00e9liorer le bien-\u00eatre de leurs employ\u00e9s en leur offrant des avantages sociaux complets. L&rsquo;assurance maladie, les r\u00e9gimes de retraite, les modalit\u00e9s de travail flexibles et les programmes de bien-\u00eatre peuvent aider les employ\u00e9s \u00e0 g\u00e9rer leurs finances et \u00e0 maintenir un bon \u00e9quilibre entre vie professionnelle et vie priv\u00e9e, r\u00e9duisant ainsi le stress et augmentant la satisfaction au travail. <\/p>\n<h3 id=\"ember62\" class=\"ember-view reader-content-blocks__heading-3\" style=\"text-align: left;\"><strong>Soutenir le d\u00e9veloppement professionnel<\/strong><\/h3>\n<p id=\"ember63\" class=\"ember-view reader-content-blocks__paragraph\">Investir dans le d\u00e9veloppement professionnel des employ\u00e9s peut \u00e9galement contribuer \u00e0 leur bien-\u00eatre financier. Les chefs d&rsquo;entreprise peuvent offrir des possibilit\u00e9s de d\u00e9veloppement des comp\u00e9tences, de formation et d&rsquo;\u00e9volution de carri\u00e8re, permettant ainsi aux salari\u00e9s d&rsquo;augmenter leur potentiel de r\u00e9mun\u00e9ration et d&rsquo;atteindre une stabilit\u00e9 financi\u00e8re \u00e0 long terme. <\/p>\n<p id=\"ember65\" class=\"ember-view reader-content-blocks__paragraph\">Alors que le co\u00fbt de la vie continue d&rsquo;augmenter, les chefs d&rsquo;entreprise jouent un r\u00f4le crucial pour assurer le bien-\u00eatre financier de leurs employ\u00e9s. En adaptant les salaires, en appliquant les indemnit\u00e9s de fin de carri\u00e8re, en proposant une r\u00e9mun\u00e9ration bas\u00e9e sur les performances, en offrant des avantages sociaux et en soutenant le d\u00e9veloppement professionnel, les entreprises peuvent att\u00e9nuer le stress financier et favoriser l&rsquo;engagement, la motivation et la loyaut\u00e9 de leur personnel. En fin de compte, le fait de donner la priorit\u00e9 au bien-\u00eatre des employ\u00e9s ne profite pas seulement aux individus, mais contribue \u00e9galement \u00e0 la r\u00e9ussite globale et \u00e0 la durabilit\u00e9 de l&rsquo;entreprise dans un environnement de plus en plus concurrentiel.  <\/p>\n[\/vc_column_text][\/vc_column][\/vc_row]\n","protected":false},"excerpt":{"rendered":"<p>[vc_row type=\u00a0\u00bbin_container\u00a0\u00bb full_screen_row_position=\u00a0\u00bbmiddle\u00a0\u00bb column_margin=\u00a0\u00bbdefault\u00a0\u00bb column_direction=\u00a0\u00bbdefault\u00a0\u00bb column_direction_tablet=\u00a0\u00bbdefault\u00a0\u00bb column_direction_phone=\u00a0\u00bbdefault\u00a0\u00bb scene_position=\u00a0\u00bbcenter\u00a0\u00bb text_color=\u00a0\u00bbdark\u00a0\u00bb text_align=\u00a0\u00bbleft\u00a0\u00bb row_border_radius=\u00a0\u00bbnone\u00a0\u00bb row_border_radius_applies=\u00a0\u00bbbg\u00a0\u00bb overflow=\u00a0\u00bbvisible\u00a0\u00bb overlay_strength=\u00a0\u00bb0.3&Prime; gradient_direction=\u00a0\u00bbleft_to_right\u00a0\u00bb&#8230;<\/p>\n","protected":false},"author":8,"featured_media":10384,"comment_status":"closed","ping_status":"closed","sticky":false,"template":"","format":"standard","meta":{"content-type":"","inline_featured_image":false,"footnotes":""},"categories":[105,96],"tags":[],"class_list":{"0":"post-10383","1":"post","2":"type-post","3":"status-publish","4":"format-standard","5":"has-post-thumbnail","7":"category-en-vedette","8":"category-paie-mondiale"},"yoast_head":"<!-- This site is optimized with the Yoast SEO plugin v27.3 - https:\/\/yoast.com\/product\/yoast-seo-wordpress\/ -->\n<title>Naviguer dans le co\u00fbt de la vie : Comment les chefs d&#039;entreprise adaptent les salaires pour le bien-\u00eatre des employ\u00e9s<\/title>\n<meta name=\"description\" content=\"D\u00e9couvrez comment les dirigeants font face aux changements du co\u00fbt de la vie en mettant en \u0153uvre des pratiques salariales \u00e9quitables pour leur personnel.\" \/>\n<meta name=\"robots\" content=\"index, follow, max-snippet:-1, max-image-preview:large, max-video-preview:-1\" \/>\n<link rel=\"canonical\" href=\"https:\/\/www.applic8.com\/fr\/en-vedette\/naviguer-dans-le-cout-de-la-vie-comment-les-chefs-dentreprise-adaptent-les-salaires-pour-le-bien-etre-des-employes\/\" \/>\n<meta property=\"og:locale\" content=\"fr_FR\" \/>\n<meta property=\"og:type\" content=\"article\" \/>\n<meta property=\"og:title\" content=\"Naviguer dans le co\u00fbt de la vie : Comment les chefs d&#039;entreprise adaptent les salaires pour le bien-\u00eatre des employ\u00e9s\" \/>\n<meta property=\"og:description\" content=\"D\u00e9couvrez comment les dirigeants font face aux changements du co\u00fbt de la vie en mettant en \u0153uvre des pratiques salariales \u00e9quitables pour leur personnel.\" \/>\n<meta property=\"og:url\" content=\"https:\/\/www.applic8.com\/fr\/en-vedette\/naviguer-dans-le-cout-de-la-vie-comment-les-chefs-dentreprise-adaptent-les-salaires-pour-le-bien-etre-des-employes\/\" \/>\n<meta property=\"og:site_name\" content=\"Applic8\" \/>\n<meta property=\"article:published_time\" content=\"2024-04-23T02:55:00+00:00\" \/>\n<meta property=\"article:modified_time\" content=\"2025-12-08T08:28:14+00:00\" \/>\n<meta property=\"og:image\" content=\"https:\/\/www.applic8.com\/wp-content\/uploads\/2024\/06\/cost-of-living-in-the-city.jpg\" \/>\n\t<meta property=\"og:image:width\" content=\"2200\" \/>\n\t<meta property=\"og:image:height\" content=\"1467\" \/>\n\t<meta property=\"og:image:type\" content=\"image\/jpeg\" \/>\n<meta name=\"author\" content=\"Jensen Bandada\" \/>\n<meta name=\"twitter:card\" content=\"summary_large_image\" \/>\n<meta name=\"twitter:label1\" content=\"\u00c9crit par\" \/>\n\t<meta name=\"twitter:data1\" content=\"Jensen Bandada\" \/>\n\t<meta name=\"twitter:label2\" content=\"Dur\u00e9e de lecture estim\u00e9e\" \/>\n\t<meta name=\"twitter:data2\" content=\"4 minutes\" \/>\n<script type=\"application\/ld+json\" class=\"yoast-schema-graph\">{\"@context\":\"https:\\\/\\\/schema.org\",\"@graph\":[{\"@type\":\"Article\",\"@id\":\"https:\\\/\\\/www.applic8.com\\\/fr\\\/en-vedette\\\/naviguer-dans-le-cout-de-la-vie-comment-les-chefs-dentreprise-adaptent-les-salaires-pour-le-bien-etre-des-employes\\\/#article\",\"isPartOf\":{\"@id\":\"https:\\\/\\\/www.applic8.com\\\/fr\\\/en-vedette\\\/naviguer-dans-le-cout-de-la-vie-comment-les-chefs-dentreprise-adaptent-les-salaires-pour-le-bien-etre-des-employes\\\/\"},\"author\":{\"name\":\"Jensen Bandada\",\"@id\":\"https:\\\/\\\/www.applic8.com\\\/fr\\\/#\\\/schema\\\/person\\\/f70756d6dde93059b742a0391d7b5def\"},\"headline\":\"Naviguer dans le co\u00fbt de la vie : Comment les chefs d&rsquo;entreprise adaptent les salaires pour le bien-\u00eatre des employ\u00e9s\",\"datePublished\":\"2024-04-23T02:55:00+00:00\",\"dateModified\":\"2025-12-08T08:28:14+00:00\",\"mainEntityOfPage\":{\"@id\":\"https:\\\/\\\/www.applic8.com\\\/fr\\\/en-vedette\\\/naviguer-dans-le-cout-de-la-vie-comment-les-chefs-dentreprise-adaptent-les-salaires-pour-le-bien-etre-des-employes\\\/\"},\"wordCount\":944,\"publisher\":{\"@id\":\"https:\\\/\\\/www.applic8.com\\\/fr\\\/#organization\"},\"image\":{\"@id\":\"https:\\\/\\\/www.applic8.com\\\/fr\\\/en-vedette\\\/naviguer-dans-le-cout-de-la-vie-comment-les-chefs-dentreprise-adaptent-les-salaires-pour-le-bien-etre-des-employes\\\/#primaryimage\"},\"thumbnailUrl\":\"https:\\\/\\\/www.applic8.com\\\/wp-content\\\/uploads\\\/2024\\\/06\\\/cost-of-living-in-the-city.jpg\",\"articleSection\":[\"En vedette\",\"Paie mondiale\"],\"inLanguage\":\"fr-FR\"},{\"@type\":\"WebPage\",\"@id\":\"https:\\\/\\\/www.applic8.com\\\/fr\\\/en-vedette\\\/naviguer-dans-le-cout-de-la-vie-comment-les-chefs-dentreprise-adaptent-les-salaires-pour-le-bien-etre-des-employes\\\/\",\"url\":\"https:\\\/\\\/www.applic8.com\\\/fr\\\/en-vedette\\\/naviguer-dans-le-cout-de-la-vie-comment-les-chefs-dentreprise-adaptent-les-salaires-pour-le-bien-etre-des-employes\\\/\",\"name\":\"Naviguer dans le co\u00fbt de la vie : Comment les chefs d'entreprise adaptent les salaires pour le bien-\u00eatre des employ\u00e9s\",\"isPartOf\":{\"@id\":\"https:\\\/\\\/www.applic8.com\\\/fr\\\/#website\"},\"primaryImageOfPage\":{\"@id\":\"https:\\\/\\\/www.applic8.com\\\/fr\\\/en-vedette\\\/naviguer-dans-le-cout-de-la-vie-comment-les-chefs-dentreprise-adaptent-les-salaires-pour-le-bien-etre-des-employes\\\/#primaryimage\"},\"image\":{\"@id\":\"https:\\\/\\\/www.applic8.com\\\/fr\\\/en-vedette\\\/naviguer-dans-le-cout-de-la-vie-comment-les-chefs-dentreprise-adaptent-les-salaires-pour-le-bien-etre-des-employes\\\/#primaryimage\"},\"thumbnailUrl\":\"https:\\\/\\\/www.applic8.com\\\/wp-content\\\/uploads\\\/2024\\\/06\\\/cost-of-living-in-the-city.jpg\",\"datePublished\":\"2024-04-23T02:55:00+00:00\",\"dateModified\":\"2025-12-08T08:28:14+00:00\",\"description\":\"D\u00e9couvrez comment les dirigeants font face aux changements du co\u00fbt de la vie en mettant en \u0153uvre des pratiques salariales \u00e9quitables pour leur personnel.\",\"breadcrumb\":{\"@id\":\"https:\\\/\\\/www.applic8.com\\\/fr\\\/en-vedette\\\/naviguer-dans-le-cout-de-la-vie-comment-les-chefs-dentreprise-adaptent-les-salaires-pour-le-bien-etre-des-employes\\\/#breadcrumb\"},\"inLanguage\":\"fr-FR\",\"potentialAction\":[{\"@type\":\"ReadAction\",\"target\":[\"https:\\\/\\\/www.applic8.com\\\/fr\\\/en-vedette\\\/naviguer-dans-le-cout-de-la-vie-comment-les-chefs-dentreprise-adaptent-les-salaires-pour-le-bien-etre-des-employes\\\/\"]}]},{\"@type\":\"ImageObject\",\"inLanguage\":\"fr-FR\",\"@id\":\"https:\\\/\\\/www.applic8.com\\\/fr\\\/en-vedette\\\/naviguer-dans-le-cout-de-la-vie-comment-les-chefs-dentreprise-adaptent-les-salaires-pour-le-bien-etre-des-employes\\\/#primaryimage\",\"url\":\"https:\\\/\\\/www.applic8.com\\\/wp-content\\\/uploads\\\/2024\\\/06\\\/cost-of-living-in-the-city.jpg\",\"contentUrl\":\"https:\\\/\\\/www.applic8.com\\\/wp-content\\\/uploads\\\/2024\\\/06\\\/cost-of-living-in-the-city.jpg\",\"width\":2200,\"height\":1467,\"caption\":\"co\u00fbt de la vie dans la ville\"},{\"@type\":\"BreadcrumbList\",\"@id\":\"https:\\\/\\\/www.applic8.com\\\/fr\\\/en-vedette\\\/naviguer-dans-le-cout-de-la-vie-comment-les-chefs-dentreprise-adaptent-les-salaires-pour-le-bien-etre-des-employes\\\/#breadcrumb\",\"itemListElement\":[{\"@type\":\"ListItem\",\"position\":1,\"name\":\"Home\",\"item\":\"https:\\\/\\\/www.applic8.com\\\/fr\\\/\"},{\"@type\":\"ListItem\",\"position\":2,\"name\":\"En vedette\",\"item\":\"https:\\\/\\\/www.applic8.com\\\/fr\\\/blog\\\/en-vedette\\\/\"},{\"@type\":\"ListItem\",\"position\":3,\"name\":\"Naviguer dans le co\u00fbt de la vie : Comment les chefs d&#8217;entreprise adaptent les salaires pour le bien-\u00eatre des employ\u00e9s\"}]},{\"@type\":\"WebSite\",\"@id\":\"https:\\\/\\\/www.applic8.com\\\/fr\\\/#website\",\"url\":\"https:\\\/\\\/www.applic8.com\\\/fr\\\/\",\"name\":\"Applic8\",\"description\":\"The HR Cloud Company\",\"publisher\":{\"@id\":\"https:\\\/\\\/www.applic8.com\\\/fr\\\/#organization\"},\"potentialAction\":[{\"@type\":\"SearchAction\",\"target\":{\"@type\":\"EntryPoint\",\"urlTemplate\":\"https:\\\/\\\/www.applic8.com\\\/fr\\\/?s={search_term_string}\"},\"query-input\":{\"@type\":\"PropertyValueSpecification\",\"valueRequired\":true,\"valueName\":\"search_term_string\"}}],\"inLanguage\":\"fr-FR\"},{\"@type\":\"Organization\",\"@id\":\"https:\\\/\\\/www.applic8.com\\\/fr\\\/#organization\",\"name\":\"Applic8\",\"url\":\"https:\\\/\\\/www.applic8.com\\\/fr\\\/\",\"logo\":{\"@type\":\"ImageObject\",\"inLanguage\":\"fr-FR\",\"@id\":\"https:\\\/\\\/www.applic8.com\\\/fr\\\/#\\\/schema\\\/logo\\\/image\\\/\",\"url\":\"https:\\\/\\\/www.applic8.com\\\/wp-content\\\/uploads\\\/2022\\\/09\\\/applic8_logo_dark.svg\",\"contentUrl\":\"https:\\\/\\\/www.applic8.com\\\/wp-content\\\/uploads\\\/2022\\\/09\\\/applic8_logo_dark.svg\",\"width\":\"1024\",\"height\":\"1024\",\"caption\":\"Applic8\"},\"image\":{\"@id\":\"https:\\\/\\\/www.applic8.com\\\/fr\\\/#\\\/schema\\\/logo\\\/image\\\/\"},\"sameAs\":[\"https:\\\/\\\/www.linkedin.com\\\/company\\\/applic8-sa\\\/\"]},{\"@type\":\"Person\",\"@id\":\"https:\\\/\\\/www.applic8.com\\\/fr\\\/#\\\/schema\\\/person\\\/f70756d6dde93059b742a0391d7b5def\",\"name\":\"Jensen Bandada\",\"image\":{\"@type\":\"ImageObject\",\"inLanguage\":\"fr-FR\",\"@id\":\"https:\\\/\\\/secure.gravatar.com\\\/avatar\\\/4e404d39c915a3cf468125992f66a38feaea26c0e9f08c4161ad4238f6135e72?s=96&d=mm&r=g\",\"url\":\"https:\\\/\\\/secure.gravatar.com\\\/avatar\\\/4e404d39c915a3cf468125992f66a38feaea26c0e9f08c4161ad4238f6135e72?s=96&d=mm&r=g\",\"contentUrl\":\"https:\\\/\\\/secure.gravatar.com\\\/avatar\\\/4e404d39c915a3cf468125992f66a38feaea26c0e9f08c4161ad4238f6135e72?s=96&d=mm&r=g\",\"caption\":\"Jensen Bandada\"},\"description\":\"Jensen is a dedicated payroll specialist with years of experience helping businesses manage accurate, timely, and compliant payroll operations. With a deep understanding of local and international payroll regulations, tax requirements, and employee compensation strategies, Jensen has helped companies of all sizes streamline their payroll processes and improve operational efficiency.\",\"sameAs\":[\"https:\\\/\\\/www.linkedin.com\\\/in\\\/jxnsxn\\\/\"],\"url\":\"https:\\\/\\\/www.applic8.com\\\/fr\\\/author\\\/jensen-bandada\\\/\"}]}<\/script>\n<!-- \/ Yoast SEO plugin. -->","yoast_head_json":{"title":"Naviguer dans le co\u00fbt de la vie : Comment les chefs d'entreprise adaptent les salaires pour le bien-\u00eatre des employ\u00e9s","description":"D\u00e9couvrez comment les dirigeants font face aux changements du co\u00fbt de la vie en mettant en \u0153uvre des pratiques salariales \u00e9quitables pour leur personnel.","robots":{"index":"index","follow":"follow","max-snippet":"max-snippet:-1","max-image-preview":"max-image-preview:large","max-video-preview":"max-video-preview:-1"},"canonical":"https:\/\/www.applic8.com\/fr\/en-vedette\/naviguer-dans-le-cout-de-la-vie-comment-les-chefs-dentreprise-adaptent-les-salaires-pour-le-bien-etre-des-employes\/","og_locale":"fr_FR","og_type":"article","og_title":"Naviguer dans le co\u00fbt de la vie : Comment les chefs d'entreprise adaptent les salaires pour le bien-\u00eatre des employ\u00e9s","og_description":"D\u00e9couvrez comment les dirigeants font face aux changements du co\u00fbt de la vie en mettant en \u0153uvre des pratiques salariales \u00e9quitables pour leur personnel.","og_url":"https:\/\/www.applic8.com\/fr\/en-vedette\/naviguer-dans-le-cout-de-la-vie-comment-les-chefs-dentreprise-adaptent-les-salaires-pour-le-bien-etre-des-employes\/","og_site_name":"Applic8","article_published_time":"2024-04-23T02:55:00+00:00","article_modified_time":"2025-12-08T08:28:14+00:00","og_image":[{"width":2200,"height":1467,"url":"https:\/\/www.applic8.com\/wp-content\/uploads\/2024\/06\/cost-of-living-in-the-city.jpg","type":"image\/jpeg"}],"author":"Jensen Bandada","twitter_card":"summary_large_image","twitter_misc":{"\u00c9crit par":"Jensen Bandada","Dur\u00e9e de lecture estim\u00e9e":"4 minutes"},"schema":{"@context":"https:\/\/schema.org","@graph":[{"@type":"Article","@id":"https:\/\/www.applic8.com\/fr\/en-vedette\/naviguer-dans-le-cout-de-la-vie-comment-les-chefs-dentreprise-adaptent-les-salaires-pour-le-bien-etre-des-employes\/#article","isPartOf":{"@id":"https:\/\/www.applic8.com\/fr\/en-vedette\/naviguer-dans-le-cout-de-la-vie-comment-les-chefs-dentreprise-adaptent-les-salaires-pour-le-bien-etre-des-employes\/"},"author":{"name":"Jensen Bandada","@id":"https:\/\/www.applic8.com\/fr\/#\/schema\/person\/f70756d6dde93059b742a0391d7b5def"},"headline":"Naviguer dans le co\u00fbt de la vie : Comment les chefs d&rsquo;entreprise adaptent les salaires pour le bien-\u00eatre des employ\u00e9s","datePublished":"2024-04-23T02:55:00+00:00","dateModified":"2025-12-08T08:28:14+00:00","mainEntityOfPage":{"@id":"https:\/\/www.applic8.com\/fr\/en-vedette\/naviguer-dans-le-cout-de-la-vie-comment-les-chefs-dentreprise-adaptent-les-salaires-pour-le-bien-etre-des-employes\/"},"wordCount":944,"publisher":{"@id":"https:\/\/www.applic8.com\/fr\/#organization"},"image":{"@id":"https:\/\/www.applic8.com\/fr\/en-vedette\/naviguer-dans-le-cout-de-la-vie-comment-les-chefs-dentreprise-adaptent-les-salaires-pour-le-bien-etre-des-employes\/#primaryimage"},"thumbnailUrl":"https:\/\/www.applic8.com\/wp-content\/uploads\/2024\/06\/cost-of-living-in-the-city.jpg","articleSection":["En vedette","Paie mondiale"],"inLanguage":"fr-FR"},{"@type":"WebPage","@id":"https:\/\/www.applic8.com\/fr\/en-vedette\/naviguer-dans-le-cout-de-la-vie-comment-les-chefs-dentreprise-adaptent-les-salaires-pour-le-bien-etre-des-employes\/","url":"https:\/\/www.applic8.com\/fr\/en-vedette\/naviguer-dans-le-cout-de-la-vie-comment-les-chefs-dentreprise-adaptent-les-salaires-pour-le-bien-etre-des-employes\/","name":"Naviguer dans le co\u00fbt de la vie : Comment les chefs d'entreprise adaptent les salaires pour le bien-\u00eatre des employ\u00e9s","isPartOf":{"@id":"https:\/\/www.applic8.com\/fr\/#website"},"primaryImageOfPage":{"@id":"https:\/\/www.applic8.com\/fr\/en-vedette\/naviguer-dans-le-cout-de-la-vie-comment-les-chefs-dentreprise-adaptent-les-salaires-pour-le-bien-etre-des-employes\/#primaryimage"},"image":{"@id":"https:\/\/www.applic8.com\/fr\/en-vedette\/naviguer-dans-le-cout-de-la-vie-comment-les-chefs-dentreprise-adaptent-les-salaires-pour-le-bien-etre-des-employes\/#primaryimage"},"thumbnailUrl":"https:\/\/www.applic8.com\/wp-content\/uploads\/2024\/06\/cost-of-living-in-the-city.jpg","datePublished":"2024-04-23T02:55:00+00:00","dateModified":"2025-12-08T08:28:14+00:00","description":"D\u00e9couvrez comment les dirigeants font face aux changements du co\u00fbt de la vie en mettant en \u0153uvre des pratiques salariales \u00e9quitables pour leur personnel.","breadcrumb":{"@id":"https:\/\/www.applic8.com\/fr\/en-vedette\/naviguer-dans-le-cout-de-la-vie-comment-les-chefs-dentreprise-adaptent-les-salaires-pour-le-bien-etre-des-employes\/#breadcrumb"},"inLanguage":"fr-FR","potentialAction":[{"@type":"ReadAction","target":["https:\/\/www.applic8.com\/fr\/en-vedette\/naviguer-dans-le-cout-de-la-vie-comment-les-chefs-dentreprise-adaptent-les-salaires-pour-le-bien-etre-des-employes\/"]}]},{"@type":"ImageObject","inLanguage":"fr-FR","@id":"https:\/\/www.applic8.com\/fr\/en-vedette\/naviguer-dans-le-cout-de-la-vie-comment-les-chefs-dentreprise-adaptent-les-salaires-pour-le-bien-etre-des-employes\/#primaryimage","url":"https:\/\/www.applic8.com\/wp-content\/uploads\/2024\/06\/cost-of-living-in-the-city.jpg","contentUrl":"https:\/\/www.applic8.com\/wp-content\/uploads\/2024\/06\/cost-of-living-in-the-city.jpg","width":2200,"height":1467,"caption":"co\u00fbt de la vie dans la ville"},{"@type":"BreadcrumbList","@id":"https:\/\/www.applic8.com\/fr\/en-vedette\/naviguer-dans-le-cout-de-la-vie-comment-les-chefs-dentreprise-adaptent-les-salaires-pour-le-bien-etre-des-employes\/#breadcrumb","itemListElement":[{"@type":"ListItem","position":1,"name":"Home","item":"https:\/\/www.applic8.com\/fr\/"},{"@type":"ListItem","position":2,"name":"En vedette","item":"https:\/\/www.applic8.com\/fr\/blog\/en-vedette\/"},{"@type":"ListItem","position":3,"name":"Naviguer dans le co\u00fbt de la vie : Comment les chefs d&#8217;entreprise adaptent les salaires pour le bien-\u00eatre des employ\u00e9s"}]},{"@type":"WebSite","@id":"https:\/\/www.applic8.com\/fr\/#website","url":"https:\/\/www.applic8.com\/fr\/","name":"Applic8","description":"The HR Cloud Company","publisher":{"@id":"https:\/\/www.applic8.com\/fr\/#organization"},"potentialAction":[{"@type":"SearchAction","target":{"@type":"EntryPoint","urlTemplate":"https:\/\/www.applic8.com\/fr\/?s={search_term_string}"},"query-input":{"@type":"PropertyValueSpecification","valueRequired":true,"valueName":"search_term_string"}}],"inLanguage":"fr-FR"},{"@type":"Organization","@id":"https:\/\/www.applic8.com\/fr\/#organization","name":"Applic8","url":"https:\/\/www.applic8.com\/fr\/","logo":{"@type":"ImageObject","inLanguage":"fr-FR","@id":"https:\/\/www.applic8.com\/fr\/#\/schema\/logo\/image\/","url":"https:\/\/www.applic8.com\/wp-content\/uploads\/2022\/09\/applic8_logo_dark.svg","contentUrl":"https:\/\/www.applic8.com\/wp-content\/uploads\/2022\/09\/applic8_logo_dark.svg","width":"1024","height":"1024","caption":"Applic8"},"image":{"@id":"https:\/\/www.applic8.com\/fr\/#\/schema\/logo\/image\/"},"sameAs":["https:\/\/www.linkedin.com\/company\/applic8-sa\/"]},{"@type":"Person","@id":"https:\/\/www.applic8.com\/fr\/#\/schema\/person\/f70756d6dde93059b742a0391d7b5def","name":"Jensen Bandada","image":{"@type":"ImageObject","inLanguage":"fr-FR","@id":"https:\/\/secure.gravatar.com\/avatar\/4e404d39c915a3cf468125992f66a38feaea26c0e9f08c4161ad4238f6135e72?s=96&d=mm&r=g","url":"https:\/\/secure.gravatar.com\/avatar\/4e404d39c915a3cf468125992f66a38feaea26c0e9f08c4161ad4238f6135e72?s=96&d=mm&r=g","contentUrl":"https:\/\/secure.gravatar.com\/avatar\/4e404d39c915a3cf468125992f66a38feaea26c0e9f08c4161ad4238f6135e72?s=96&d=mm&r=g","caption":"Jensen Bandada"},"description":"Jensen is a dedicated payroll specialist with years of experience helping businesses manage accurate, timely, and compliant payroll operations. With a deep understanding of local and international payroll regulations, tax requirements, and employee compensation strategies, Jensen has helped companies of all sizes streamline their payroll processes and improve operational efficiency.","sameAs":["https:\/\/www.linkedin.com\/in\/jxnsxn\/"],"url":"https:\/\/www.applic8.com\/fr\/author\/jensen-bandada\/"}]}},"_links":{"self":[{"href":"https:\/\/www.applic8.com\/fr\/wp-json\/wp\/v2\/posts\/10383","targetHints":{"allow":["GET"]}}],"collection":[{"href":"https:\/\/www.applic8.com\/fr\/wp-json\/wp\/v2\/posts"}],"about":[{"href":"https:\/\/www.applic8.com\/fr\/wp-json\/wp\/v2\/types\/post"}],"author":[{"embeddable":true,"href":"https:\/\/www.applic8.com\/fr\/wp-json\/wp\/v2\/users\/8"}],"replies":[{"embeddable":true,"href":"https:\/\/www.applic8.com\/fr\/wp-json\/wp\/v2\/comments?post=10383"}],"version-history":[{"count":4,"href":"https:\/\/www.applic8.com\/fr\/wp-json\/wp\/v2\/posts\/10383\/revisions"}],"predecessor-version":[{"id":11078,"href":"https:\/\/www.applic8.com\/fr\/wp-json\/wp\/v2\/posts\/10383\/revisions\/11078"}],"wp:featuredmedia":[{"embeddable":true,"href":"https:\/\/www.applic8.com\/fr\/wp-json\/wp\/v2\/media\/10384"}],"wp:attachment":[{"href":"https:\/\/www.applic8.com\/fr\/wp-json\/wp\/v2\/media?parent=10383"}],"wp:term":[{"taxonomy":"category","embeddable":true,"href":"https:\/\/www.applic8.com\/fr\/wp-json\/wp\/v2\/categories?post=10383"},{"taxonomy":"post_tag","embeddable":true,"href":"https:\/\/www.applic8.com\/fr\/wp-json\/wp\/v2\/tags?post=10383"}],"curies":[{"name":"wp","href":"https:\/\/api.w.org\/{rel}","templated":true}]}}