{"id":10374,"date":"2024-04-17T02:10:16","date_gmt":"2024-04-17T02:10:16","guid":{"rendered":"https:\/\/www.applic8.com\/non-categorise\/le-pouvoir-de-lordre-comment-un-espace-de-travail-propre-stimule-la-productivite-et-fait-avancer-votre-carriere\/"},"modified":"2025-12-08T08:27:23","modified_gmt":"2025-12-08T08:27:23","slug":"le-pouvoir-de-lordre-comment-un-espace-de-travail-propre-stimule-la-productivite-et-fait-avancer-votre-carriere","status":"publish","type":"post","link":"https:\/\/www.applic8.com\/fr\/entreprises\/le-pouvoir-de-lordre-comment-un-espace-de-travail-propre-stimule-la-productivite-et-fait-avancer-votre-carriere\/","title":{"rendered":"Le pouvoir de l&rsquo;ordre : Comment un espace de travail propre stimule la productivit\u00e9 et fait avancer votre carri\u00e8re"},"content":{"rendered":"<p id=\"ember38\" class=\"ember-view reader-content-blocks__paragraph\" data-sider-select-id=\"f66e57c7-e1f7-4864-8a4c-303de5904883\">Dans le monde rapide du travail moderne, l&rsquo;environnement dans lequel nous travaillons joue un r\u00f4le crucial dans notre productivit\u00e9, notre concentration et notre bien-\u00eatre g\u00e9n\u00e9ral. Si de nombreux facteurs contribuent \u00e0 un environnement de travail propice, la propret\u00e9 et l&rsquo;organisation de notre espace de travail sont souvent sous-estim\u00e9es. Dans ce blog, nous examinerons l&rsquo;importance d&rsquo;un espace de travail propre et la mani\u00e8re dont le maintien d&rsquo;un environnement sans d\u00e9sordre peut favoriser votre r\u00e9ussite professionnelle et propulser votre carri\u00e8re.  <\/p>\n<h2 id=\"ember40\" class=\"ember-view\">Am\u00e9lioration de l&rsquo;attention et de la concentration<\/h2>\n<p id=\"ember41\" class=\"ember-view reader-content-blocks__paragraph\">Un espace de travail encombr\u00e9 peut \u00eatre visuellement distrayant et mentalement accablant, ce qui rend difficile la concentration sur les t\u00e2ches \u00e0 accomplir. En maintenant un espace de travail propre et organis\u00e9, vous \u00e9liminez les distractions inutiles et cr\u00e9ez un environnement propice \u00e0 la concentration. Avec moins de stimuli visuels sollicitant votre attention, vous pouvez consacrer votre \u00e9nergie et vos ressources cognitives \u00e0 la r\u00e9alisation de projets avec plus d&rsquo;efficacit\u00e9 et de pr\u00e9cision.  <\/p>\n<h2 id=\"ember43\" class=\"ember-view\">Productivit\u00e9 et efficacit\u00e9 accrues<\/h2>\n<p id=\"ember44\" class=\"ember-view reader-content-blocks__paragraph\">Un espace de travail d\u00e9sencombr\u00e9 favorise la productivit\u00e9 en rationalisant les flux de travail et en r\u00e9duisant le temps pass\u00e9 \u00e0 chercher des \u00e9l\u00e9ments essentiels. Lorsque chaque chose a sa place et est facilement accessible, vous pouvez travailler plus efficacement et accomplir vos t\u00e2ches en moins de temps. En \u00e9liminant le d\u00e9sordre et en maintenant l&rsquo;ordre, vous optimisez votre flux de travail et maximisez votre rendement, ce qui vous permet d&rsquo;accomplir plus de choses dans un d\u00e9lai plus court et d&rsquo;atteindre vos objectifs professionnels avec plus de facilit\u00e9.  <\/p>\n<h2 id=\"ember46\" class=\"ember-view\">Am\u00e9lioration de la clart\u00e9 mentale et de la cr\u00e9ativit\u00e9<\/h2>\n<p id=\"ember47\" class=\"ember-view reader-content-blocks__paragraph\">Un espace de travail propre et organis\u00e9 am\u00e9liore non seulement la concentration et la productivit\u00e9, mais favorise \u00e9galement la clart\u00e9 mentale et la cr\u00e9ativit\u00e9. Lorsque votre environnement n&rsquo;est pas encombr\u00e9 et chaotique, votre esprit est libre de penser de mani\u00e8re cr\u00e9ative et de trouver des solutions innovantes aux d\u00e9fis qui se pr\u00e9sentent \u00e0 vous. En cr\u00e9ant un environnement de travail calme et harmonieux, vous stimulez vos processus cognitifs et lib\u00e9rez votre potentiel cr\u00e9atif, ce qui vous permet d&rsquo;aborder les t\u00e2ches avec des perspectives nouvelles et de g\u00e9n\u00e9rer des id\u00e9es originales.  <\/p>\n<h2 id=\"ember49\" class=\"ember-view\">Impression positive et professionnalisme<\/h2>\n<p id=\"ember50\" class=\"ember-view reader-content-blocks__paragraph\">Votre espace de travail refl\u00e8te votre professionnalisme et votre souci du d\u00e9tail. Un bureau propre et bien organis\u00e9 transmet un sentiment de comp\u00e9tence, de discipline et de professionnalisme aux coll\u00e8gues, aux clients et aux sup\u00e9rieurs. En pr\u00e9sentant un espace de travail rang\u00e9 et ordonn\u00e9, vous projetez une image de fiabilit\u00e9 et d&rsquo;efficacit\u00e9, ce qui vous vaut le respect et l&rsquo;admiration de vos pairs et de vos sup\u00e9rieurs. En outre, un environnement sans d\u00e9sordre inspire confiance en vos capacit\u00e9s et en votre \u00e9thique de travail, ce qui renforce votre r\u00e9putation et votre cr\u00e9dibilit\u00e9 sur le lieu de travail.   <\/p>\n<h2 id=\"ember52\" class=\"ember-view\">R\u00e9duction du stress et bien-\u00eatre<\/h2>\n<p id=\"ember53\" class=\"ember-view reader-content-blocks__paragraph\">Un espace de travail encombr\u00e9 peut contribuer \u00e0 des sentiments de stress, d&rsquo;anxi\u00e9t\u00e9 et d&rsquo;accablement, ce qui a un impact n\u00e9gatif sur votre bien-\u00eatre mental et \u00e9motionnel. \u00c0 l&rsquo;inverse, un environnement de travail propre et organis\u00e9 favorise les sentiments de calme, de contr\u00f4le et de satisfaction. En d\u00e9sencombrant votre espace de travail et en y mettant de l&rsquo;ordre, vous cr\u00e9ez une atmosph\u00e8re sereine et tranquille qui favorise la relaxation et r\u00e9duit les niveaux de stress. En cons\u00e9quence, vous b\u00e9n\u00e9ficiez d&rsquo;un meilleur bien-\u00eatre g\u00e9n\u00e9ral et d&rsquo;une plus grande r\u00e9silience, ce qui vous permet de relever les d\u00e9fis avec s\u00e9r\u00e9nit\u00e9 et confiance.   <\/p>\n<p id=\"ember55\" class=\"ember-view reader-content-blocks__paragraph\">Dans l&rsquo;environnement de travail comp\u00e9titif et exigeant d&rsquo;aujourd&rsquo;hui, l&rsquo;importance d&rsquo;un espace de travail propre et organis\u00e9 ne peut \u00eatre surestim\u00e9e. En donnant la priorit\u00e9 \u00e0 la propret\u00e9 et \u00e0 l&rsquo;ordre dans votre espace de travail, vous am\u00e9liorez la concentration, stimulez la productivit\u00e9, favorisez la cr\u00e9ativit\u00e9, donnez une image de professionnalisme et favorisez le bien-\u00eatre g\u00e9n\u00e9ral. <\/p>\n<p id=\"ember56\" class=\"ember-view reader-content-blocks__paragraph\">Que vous cherchiez \u00e0 faire progresser votre carri\u00e8re, \u00e0 impressionner vos clients ou simplement \u00e0 exceller dans vos t\u00e2ches quotidiennes, un espace de travail d\u00e9sencombr\u00e9 est un puissant catalyseur de r\u00e9ussite. Prenez donc le temps de d\u00e9sencombrer, d&rsquo;organiser et d&rsquo;entretenir votre espace de travail, et voyez votre carri\u00e8re atteindre de nouveaux sommets de productivit\u00e9 et d&rsquo;\u00e9panouissement. <\/p>\n","protected":false},"excerpt":{"rendered":"<p>Dans le monde rapide du travail moderne, l&rsquo;environnement dans lequel nous travaillons joue un r\u00f4le&#8230;<\/p>\n","protected":false},"author":8,"featured_media":10377,"comment_status":"closed","ping_status":"closed","sticky":false,"template":"","format":"standard","meta":{"content-type":"","inline_featured_image":false,"footnotes":""},"categories":[105,104,96],"tags":[],"class_list":{"0":"post-10374","1":"post","2":"type-post","3":"status-publish","4":"format-standard","5":"has-post-thumbnail","7":"category-en-vedette","8":"category-entreprises","9":"category-paie-mondiale"},"yoast_head":"<!-- This site is optimized with the Yoast SEO plugin v27.3 - https:\/\/yoast.com\/product\/yoast-seo-wordpress\/ -->\n<title>Comment un espace de travail propre stimule la productivit\u00e9 et fait avancer votre carri\u00e8re<\/title>\n<meta name=\"description\" content=\"D\u00e9couvrez comment un espace de travail propre favorise la concentration, l&#039;efficacit\u00e9 et l&#039;\u00e9lan n\u00e9cessaire \u00e0 l&#039;avancement de votre carri\u00e8re.\" \/>\n<meta name=\"robots\" content=\"index, follow, max-snippet:-1, max-image-preview:large, max-video-preview:-1\" \/>\n<link rel=\"canonical\" href=\"https:\/\/www.applic8.com\/fr\/entreprises\/le-pouvoir-de-lordre-comment-un-espace-de-travail-propre-stimule-la-productivite-et-fait-avancer-votre-carriere\/\" \/>\n<meta property=\"og:locale\" content=\"fr_FR\" \/>\n<meta property=\"og:type\" content=\"article\" \/>\n<meta property=\"og:title\" content=\"Comment un espace de travail propre stimule la productivit\u00e9 et fait avancer votre carri\u00e8re\" \/>\n<meta property=\"og:description\" content=\"D\u00e9couvrez comment un espace de travail propre favorise la concentration, l&#039;efficacit\u00e9 et l&#039;\u00e9lan n\u00e9cessaire \u00e0 l&#039;avancement de votre carri\u00e8re.\" \/>\n<meta property=\"og:url\" content=\"https:\/\/www.applic8.com\/fr\/entreprises\/le-pouvoir-de-lordre-comment-un-espace-de-travail-propre-stimule-la-productivite-et-fait-avancer-votre-carriere\/\" \/>\n<meta property=\"og:site_name\" content=\"Applic8\" \/>\n<meta property=\"article:published_time\" content=\"2024-04-17T02:10:16+00:00\" \/>\n<meta property=\"article:modified_time\" content=\"2025-12-08T08:27:23+00:00\" \/>\n<meta property=\"og:image\" content=\"https:\/\/www.applic8.com\/wp-content\/uploads\/2024\/04\/workspace-1-scaled.jpg\" \/>\n\t<meta property=\"og:image:width\" content=\"2560\" \/>\n\t<meta property=\"og:image:height\" content=\"1708\" \/>\n\t<meta property=\"og:image:type\" content=\"image\/jpeg\" \/>\n<meta name=\"author\" content=\"Jensen Bandada\" \/>\n<meta name=\"twitter:card\" content=\"summary_large_image\" \/>\n<meta name=\"twitter:label1\" content=\"\u00c9crit par\" \/>\n\t<meta name=\"twitter:data1\" content=\"Jensen Bandada\" \/>\n\t<meta name=\"twitter:label2\" content=\"Dur\u00e9e de lecture estim\u00e9e\" \/>\n\t<meta name=\"twitter:data2\" content=\"4 minutes\" \/>\n<script type=\"application\/ld+json\" class=\"yoast-schema-graph\">{\"@context\":\"https:\\\/\\\/schema.org\",\"@graph\":[{\"@type\":\"Article\",\"@id\":\"https:\\\/\\\/www.applic8.com\\\/fr\\\/entreprises\\\/le-pouvoir-de-lordre-comment-un-espace-de-travail-propre-stimule-la-productivite-et-fait-avancer-votre-carriere\\\/#article\",\"isPartOf\":{\"@id\":\"https:\\\/\\\/www.applic8.com\\\/fr\\\/entreprises\\\/le-pouvoir-de-lordre-comment-un-espace-de-travail-propre-stimule-la-productivite-et-fait-avancer-votre-carriere\\\/\"},\"author\":{\"name\":\"Jensen Bandada\",\"@id\":\"https:\\\/\\\/www.applic8.com\\\/fr\\\/#\\\/schema\\\/person\\\/f70756d6dde93059b742a0391d7b5def\"},\"headline\":\"Le pouvoir de l&rsquo;ordre : Comment un espace de travail propre stimule la productivit\u00e9 et fait avancer votre carri\u00e8re\",\"datePublished\":\"2024-04-17T02:10:16+00:00\",\"dateModified\":\"2025-12-08T08:27:23+00:00\",\"mainEntityOfPage\":{\"@id\":\"https:\\\/\\\/www.applic8.com\\\/fr\\\/entreprises\\\/le-pouvoir-de-lordre-comment-un-espace-de-travail-propre-stimule-la-productivite-et-fait-avancer-votre-carriere\\\/\"},\"wordCount\":781,\"publisher\":{\"@id\":\"https:\\\/\\\/www.applic8.com\\\/fr\\\/#organization\"},\"image\":{\"@id\":\"https:\\\/\\\/www.applic8.com\\\/fr\\\/entreprises\\\/le-pouvoir-de-lordre-comment-un-espace-de-travail-propre-stimule-la-productivite-et-fait-avancer-votre-carriere\\\/#primaryimage\"},\"thumbnailUrl\":\"https:\\\/\\\/www.applic8.com\\\/wp-content\\\/uploads\\\/2024\\\/04\\\/workspace-1-scaled.jpg\",\"articleSection\":[\"En vedette\",\"Entreprises\",\"Paie mondiale\"],\"inLanguage\":\"fr-FR\"},{\"@type\":\"WebPage\",\"@id\":\"https:\\\/\\\/www.applic8.com\\\/fr\\\/entreprises\\\/le-pouvoir-de-lordre-comment-un-espace-de-travail-propre-stimule-la-productivite-et-fait-avancer-votre-carriere\\\/\",\"url\":\"https:\\\/\\\/www.applic8.com\\\/fr\\\/entreprises\\\/le-pouvoir-de-lordre-comment-un-espace-de-travail-propre-stimule-la-productivite-et-fait-avancer-votre-carriere\\\/\",\"name\":\"Comment un espace de travail propre stimule la productivit\u00e9 et fait avancer votre carri\u00e8re\",\"isPartOf\":{\"@id\":\"https:\\\/\\\/www.applic8.com\\\/fr\\\/#website\"},\"primaryImageOfPage\":{\"@id\":\"https:\\\/\\\/www.applic8.com\\\/fr\\\/entreprises\\\/le-pouvoir-de-lordre-comment-un-espace-de-travail-propre-stimule-la-productivite-et-fait-avancer-votre-carriere\\\/#primaryimage\"},\"image\":{\"@id\":\"https:\\\/\\\/www.applic8.com\\\/fr\\\/entreprises\\\/le-pouvoir-de-lordre-comment-un-espace-de-travail-propre-stimule-la-productivite-et-fait-avancer-votre-carriere\\\/#primaryimage\"},\"thumbnailUrl\":\"https:\\\/\\\/www.applic8.com\\\/wp-content\\\/uploads\\\/2024\\\/04\\\/workspace-1-scaled.jpg\",\"datePublished\":\"2024-04-17T02:10:16+00:00\",\"dateModified\":\"2025-12-08T08:27:23+00:00\",\"description\":\"D\u00e9couvrez comment un espace de travail propre favorise la concentration, l'efficacit\u00e9 et l'\u00e9lan n\u00e9cessaire \u00e0 l'avancement de votre carri\u00e8re.\",\"breadcrumb\":{\"@id\":\"https:\\\/\\\/www.applic8.com\\\/fr\\\/entreprises\\\/le-pouvoir-de-lordre-comment-un-espace-de-travail-propre-stimule-la-productivite-et-fait-avancer-votre-carriere\\\/#breadcrumb\"},\"inLanguage\":\"fr-FR\",\"potentialAction\":[{\"@type\":\"ReadAction\",\"target\":[\"https:\\\/\\\/www.applic8.com\\\/fr\\\/entreprises\\\/le-pouvoir-de-lordre-comment-un-espace-de-travail-propre-stimule-la-productivite-et-fait-avancer-votre-carriere\\\/\"]}]},{\"@type\":\"ImageObject\",\"inLanguage\":\"fr-FR\",\"@id\":\"https:\\\/\\\/www.applic8.com\\\/fr\\\/entreprises\\\/le-pouvoir-de-lordre-comment-un-espace-de-travail-propre-stimule-la-productivite-et-fait-avancer-votre-carriere\\\/#primaryimage\",\"url\":\"https:\\\/\\\/www.applic8.com\\\/wp-content\\\/uploads\\\/2024\\\/04\\\/workspace-1-scaled.jpg\",\"contentUrl\":\"https:\\\/\\\/www.applic8.com\\\/wp-content\\\/uploads\\\/2024\\\/04\\\/workspace-1-scaled.jpg\",\"width\":2560,\"height\":1708,\"caption\":\"Espace de travail propre avec \u00e9cran d'ordinateur\"},{\"@type\":\"BreadcrumbList\",\"@id\":\"https:\\\/\\\/www.applic8.com\\\/fr\\\/entreprises\\\/le-pouvoir-de-lordre-comment-un-espace-de-travail-propre-stimule-la-productivite-et-fait-avancer-votre-carriere\\\/#breadcrumb\",\"itemListElement\":[{\"@type\":\"ListItem\",\"position\":1,\"name\":\"Home\",\"item\":\"https:\\\/\\\/www.applic8.com\\\/fr\\\/\"},{\"@type\":\"ListItem\",\"position\":2,\"name\":\"Entreprises\",\"item\":\"https:\\\/\\\/www.applic8.com\\\/fr\\\/blog\\\/entreprises\\\/\"},{\"@type\":\"ListItem\",\"position\":3,\"name\":\"Le pouvoir de l&#8217;ordre : Comment un espace de travail propre stimule la productivit\u00e9 et fait avancer votre carri\u00e8re\"}]},{\"@type\":\"WebSite\",\"@id\":\"https:\\\/\\\/www.applic8.com\\\/fr\\\/#website\",\"url\":\"https:\\\/\\\/www.applic8.com\\\/fr\\\/\",\"name\":\"Applic8\",\"description\":\"The HR Cloud Company\",\"publisher\":{\"@id\":\"https:\\\/\\\/www.applic8.com\\\/fr\\\/#organization\"},\"potentialAction\":[{\"@type\":\"SearchAction\",\"target\":{\"@type\":\"EntryPoint\",\"urlTemplate\":\"https:\\\/\\\/www.applic8.com\\\/fr\\\/?s={search_term_string}\"},\"query-input\":{\"@type\":\"PropertyValueSpecification\",\"valueRequired\":true,\"valueName\":\"search_term_string\"}}],\"inLanguage\":\"fr-FR\"},{\"@type\":\"Organization\",\"@id\":\"https:\\\/\\\/www.applic8.com\\\/fr\\\/#organization\",\"name\":\"Applic8\",\"url\":\"https:\\\/\\\/www.applic8.com\\\/fr\\\/\",\"logo\":{\"@type\":\"ImageObject\",\"inLanguage\":\"fr-FR\",\"@id\":\"https:\\\/\\\/www.applic8.com\\\/fr\\\/#\\\/schema\\\/logo\\\/image\\\/\",\"url\":\"https:\\\/\\\/www.applic8.com\\\/wp-content\\\/uploads\\\/2022\\\/09\\\/applic8_logo_dark.svg\",\"contentUrl\":\"https:\\\/\\\/www.applic8.com\\\/wp-content\\\/uploads\\\/2022\\\/09\\\/applic8_logo_dark.svg\",\"width\":\"1024\",\"height\":\"1024\",\"caption\":\"Applic8\"},\"image\":{\"@id\":\"https:\\\/\\\/www.applic8.com\\\/fr\\\/#\\\/schema\\\/logo\\\/image\\\/\"},\"sameAs\":[\"https:\\\/\\\/www.linkedin.com\\\/company\\\/applic8-sa\\\/\"]},{\"@type\":\"Person\",\"@id\":\"https:\\\/\\\/www.applic8.com\\\/fr\\\/#\\\/schema\\\/person\\\/f70756d6dde93059b742a0391d7b5def\",\"name\":\"Jensen Bandada\",\"image\":{\"@type\":\"ImageObject\",\"inLanguage\":\"fr-FR\",\"@id\":\"https:\\\/\\\/secure.gravatar.com\\\/avatar\\\/4e404d39c915a3cf468125992f66a38feaea26c0e9f08c4161ad4238f6135e72?s=96&d=mm&r=g\",\"url\":\"https:\\\/\\\/secure.gravatar.com\\\/avatar\\\/4e404d39c915a3cf468125992f66a38feaea26c0e9f08c4161ad4238f6135e72?s=96&d=mm&r=g\",\"contentUrl\":\"https:\\\/\\\/secure.gravatar.com\\\/avatar\\\/4e404d39c915a3cf468125992f66a38feaea26c0e9f08c4161ad4238f6135e72?s=96&d=mm&r=g\",\"caption\":\"Jensen Bandada\"},\"description\":\"Jensen is a dedicated payroll specialist with years of experience helping businesses manage accurate, timely, and compliant payroll operations. With a deep understanding of local and international payroll regulations, tax requirements, and employee compensation strategies, Jensen has helped companies of all sizes streamline their payroll processes and improve operational efficiency.\",\"sameAs\":[\"https:\\\/\\\/www.linkedin.com\\\/in\\\/jxnsxn\\\/\"],\"url\":\"https:\\\/\\\/www.applic8.com\\\/fr\\\/author\\\/jensen-bandada\\\/\"}]}<\/script>\n<!-- \/ Yoast SEO plugin. -->","yoast_head_json":{"title":"Comment un espace de travail propre stimule la productivit\u00e9 et fait avancer votre carri\u00e8re","description":"D\u00e9couvrez comment un espace de travail propre favorise la concentration, l'efficacit\u00e9 et l'\u00e9lan n\u00e9cessaire \u00e0 l'avancement de votre carri\u00e8re.","robots":{"index":"index","follow":"follow","max-snippet":"max-snippet:-1","max-image-preview":"max-image-preview:large","max-video-preview":"max-video-preview:-1"},"canonical":"https:\/\/www.applic8.com\/fr\/entreprises\/le-pouvoir-de-lordre-comment-un-espace-de-travail-propre-stimule-la-productivite-et-fait-avancer-votre-carriere\/","og_locale":"fr_FR","og_type":"article","og_title":"Comment un espace de travail propre stimule la productivit\u00e9 et fait avancer votre carri\u00e8re","og_description":"D\u00e9couvrez comment un espace de travail propre favorise la concentration, l'efficacit\u00e9 et l'\u00e9lan n\u00e9cessaire \u00e0 l'avancement de votre carri\u00e8re.","og_url":"https:\/\/www.applic8.com\/fr\/entreprises\/le-pouvoir-de-lordre-comment-un-espace-de-travail-propre-stimule-la-productivite-et-fait-avancer-votre-carriere\/","og_site_name":"Applic8","article_published_time":"2024-04-17T02:10:16+00:00","article_modified_time":"2025-12-08T08:27:23+00:00","og_image":[{"width":2560,"height":1708,"url":"https:\/\/www.applic8.com\/wp-content\/uploads\/2024\/04\/workspace-1-scaled.jpg","type":"image\/jpeg"}],"author":"Jensen Bandada","twitter_card":"summary_large_image","twitter_misc":{"\u00c9crit par":"Jensen Bandada","Dur\u00e9e de lecture estim\u00e9e":"4 minutes"},"schema":{"@context":"https:\/\/schema.org","@graph":[{"@type":"Article","@id":"https:\/\/www.applic8.com\/fr\/entreprises\/le-pouvoir-de-lordre-comment-un-espace-de-travail-propre-stimule-la-productivite-et-fait-avancer-votre-carriere\/#article","isPartOf":{"@id":"https:\/\/www.applic8.com\/fr\/entreprises\/le-pouvoir-de-lordre-comment-un-espace-de-travail-propre-stimule-la-productivite-et-fait-avancer-votre-carriere\/"},"author":{"name":"Jensen Bandada","@id":"https:\/\/www.applic8.com\/fr\/#\/schema\/person\/f70756d6dde93059b742a0391d7b5def"},"headline":"Le pouvoir de l&rsquo;ordre : Comment un espace de travail propre stimule la productivit\u00e9 et fait avancer votre carri\u00e8re","datePublished":"2024-04-17T02:10:16+00:00","dateModified":"2025-12-08T08:27:23+00:00","mainEntityOfPage":{"@id":"https:\/\/www.applic8.com\/fr\/entreprises\/le-pouvoir-de-lordre-comment-un-espace-de-travail-propre-stimule-la-productivite-et-fait-avancer-votre-carriere\/"},"wordCount":781,"publisher":{"@id":"https:\/\/www.applic8.com\/fr\/#organization"},"image":{"@id":"https:\/\/www.applic8.com\/fr\/entreprises\/le-pouvoir-de-lordre-comment-un-espace-de-travail-propre-stimule-la-productivite-et-fait-avancer-votre-carriere\/#primaryimage"},"thumbnailUrl":"https:\/\/www.applic8.com\/wp-content\/uploads\/2024\/04\/workspace-1-scaled.jpg","articleSection":["En vedette","Entreprises","Paie mondiale"],"inLanguage":"fr-FR"},{"@type":"WebPage","@id":"https:\/\/www.applic8.com\/fr\/entreprises\/le-pouvoir-de-lordre-comment-un-espace-de-travail-propre-stimule-la-productivite-et-fait-avancer-votre-carriere\/","url":"https:\/\/www.applic8.com\/fr\/entreprises\/le-pouvoir-de-lordre-comment-un-espace-de-travail-propre-stimule-la-productivite-et-fait-avancer-votre-carriere\/","name":"Comment un espace de travail propre stimule la productivit\u00e9 et fait avancer votre carri\u00e8re","isPartOf":{"@id":"https:\/\/www.applic8.com\/fr\/#website"},"primaryImageOfPage":{"@id":"https:\/\/www.applic8.com\/fr\/entreprises\/le-pouvoir-de-lordre-comment-un-espace-de-travail-propre-stimule-la-productivite-et-fait-avancer-votre-carriere\/#primaryimage"},"image":{"@id":"https:\/\/www.applic8.com\/fr\/entreprises\/le-pouvoir-de-lordre-comment-un-espace-de-travail-propre-stimule-la-productivite-et-fait-avancer-votre-carriere\/#primaryimage"},"thumbnailUrl":"https:\/\/www.applic8.com\/wp-content\/uploads\/2024\/04\/workspace-1-scaled.jpg","datePublished":"2024-04-17T02:10:16+00:00","dateModified":"2025-12-08T08:27:23+00:00","description":"D\u00e9couvrez comment un espace de travail propre favorise la concentration, l'efficacit\u00e9 et l'\u00e9lan n\u00e9cessaire \u00e0 l'avancement de votre carri\u00e8re.","breadcrumb":{"@id":"https:\/\/www.applic8.com\/fr\/entreprises\/le-pouvoir-de-lordre-comment-un-espace-de-travail-propre-stimule-la-productivite-et-fait-avancer-votre-carriere\/#breadcrumb"},"inLanguage":"fr-FR","potentialAction":[{"@type":"ReadAction","target":["https:\/\/www.applic8.com\/fr\/entreprises\/le-pouvoir-de-lordre-comment-un-espace-de-travail-propre-stimule-la-productivite-et-fait-avancer-votre-carriere\/"]}]},{"@type":"ImageObject","inLanguage":"fr-FR","@id":"https:\/\/www.applic8.com\/fr\/entreprises\/le-pouvoir-de-lordre-comment-un-espace-de-travail-propre-stimule-la-productivite-et-fait-avancer-votre-carriere\/#primaryimage","url":"https:\/\/www.applic8.com\/wp-content\/uploads\/2024\/04\/workspace-1-scaled.jpg","contentUrl":"https:\/\/www.applic8.com\/wp-content\/uploads\/2024\/04\/workspace-1-scaled.jpg","width":2560,"height":1708,"caption":"Espace de travail propre avec \u00e9cran d'ordinateur"},{"@type":"BreadcrumbList","@id":"https:\/\/www.applic8.com\/fr\/entreprises\/le-pouvoir-de-lordre-comment-un-espace-de-travail-propre-stimule-la-productivite-et-fait-avancer-votre-carriere\/#breadcrumb","itemListElement":[{"@type":"ListItem","position":1,"name":"Home","item":"https:\/\/www.applic8.com\/fr\/"},{"@type":"ListItem","position":2,"name":"Entreprises","item":"https:\/\/www.applic8.com\/fr\/blog\/entreprises\/"},{"@type":"ListItem","position":3,"name":"Le pouvoir de l&#8217;ordre : Comment un espace de travail propre stimule la productivit\u00e9 et fait avancer votre carri\u00e8re"}]},{"@type":"WebSite","@id":"https:\/\/www.applic8.com\/fr\/#website","url":"https:\/\/www.applic8.com\/fr\/","name":"Applic8","description":"The HR Cloud Company","publisher":{"@id":"https:\/\/www.applic8.com\/fr\/#organization"},"potentialAction":[{"@type":"SearchAction","target":{"@type":"EntryPoint","urlTemplate":"https:\/\/www.applic8.com\/fr\/?s={search_term_string}"},"query-input":{"@type":"PropertyValueSpecification","valueRequired":true,"valueName":"search_term_string"}}],"inLanguage":"fr-FR"},{"@type":"Organization","@id":"https:\/\/www.applic8.com\/fr\/#organization","name":"Applic8","url":"https:\/\/www.applic8.com\/fr\/","logo":{"@type":"ImageObject","inLanguage":"fr-FR","@id":"https:\/\/www.applic8.com\/fr\/#\/schema\/logo\/image\/","url":"https:\/\/www.applic8.com\/wp-content\/uploads\/2022\/09\/applic8_logo_dark.svg","contentUrl":"https:\/\/www.applic8.com\/wp-content\/uploads\/2022\/09\/applic8_logo_dark.svg","width":"1024","height":"1024","caption":"Applic8"},"image":{"@id":"https:\/\/www.applic8.com\/fr\/#\/schema\/logo\/image\/"},"sameAs":["https:\/\/www.linkedin.com\/company\/applic8-sa\/"]},{"@type":"Person","@id":"https:\/\/www.applic8.com\/fr\/#\/schema\/person\/f70756d6dde93059b742a0391d7b5def","name":"Jensen Bandada","image":{"@type":"ImageObject","inLanguage":"fr-FR","@id":"https:\/\/secure.gravatar.com\/avatar\/4e404d39c915a3cf468125992f66a38feaea26c0e9f08c4161ad4238f6135e72?s=96&d=mm&r=g","url":"https:\/\/secure.gravatar.com\/avatar\/4e404d39c915a3cf468125992f66a38feaea26c0e9f08c4161ad4238f6135e72?s=96&d=mm&r=g","contentUrl":"https:\/\/secure.gravatar.com\/avatar\/4e404d39c915a3cf468125992f66a38feaea26c0e9f08c4161ad4238f6135e72?s=96&d=mm&r=g","caption":"Jensen Bandada"},"description":"Jensen is a dedicated payroll specialist with years of experience helping businesses manage accurate, timely, and compliant payroll operations. With a deep understanding of local and international payroll regulations, tax requirements, and employee compensation strategies, Jensen has helped companies of all sizes streamline their payroll processes and improve operational efficiency.","sameAs":["https:\/\/www.linkedin.com\/in\/jxnsxn\/"],"url":"https:\/\/www.applic8.com\/fr\/author\/jensen-bandada\/"}]}},"_links":{"self":[{"href":"https:\/\/www.applic8.com\/fr\/wp-json\/wp\/v2\/posts\/10374","targetHints":{"allow":["GET"]}}],"collection":[{"href":"https:\/\/www.applic8.com\/fr\/wp-json\/wp\/v2\/posts"}],"about":[{"href":"https:\/\/www.applic8.com\/fr\/wp-json\/wp\/v2\/types\/post"}],"author":[{"embeddable":true,"href":"https:\/\/www.applic8.com\/fr\/wp-json\/wp\/v2\/users\/8"}],"replies":[{"embeddable":true,"href":"https:\/\/www.applic8.com\/fr\/wp-json\/wp\/v2\/comments?post=10374"}],"version-history":[{"count":1,"href":"https:\/\/www.applic8.com\/fr\/wp-json\/wp\/v2\/posts\/10374\/revisions"}],"predecessor-version":[{"id":10379,"href":"https:\/\/www.applic8.com\/fr\/wp-json\/wp\/v2\/posts\/10374\/revisions\/10379"}],"wp:featuredmedia":[{"embeddable":true,"href":"https:\/\/www.applic8.com\/fr\/wp-json\/wp\/v2\/media\/10377"}],"wp:attachment":[{"href":"https:\/\/www.applic8.com\/fr\/wp-json\/wp\/v2\/media?parent=10374"}],"wp:term":[{"taxonomy":"category","embeddable":true,"href":"https:\/\/www.applic8.com\/fr\/wp-json\/wp\/v2\/categories?post=10374"},{"taxonomy":"post_tag","embeddable":true,"href":"https:\/\/www.applic8.com\/fr\/wp-json\/wp\/v2\/tags?post=10374"}],"curies":[{"name":"wp","href":"https:\/\/api.w.org\/{rel}","templated":true}]}}