{"id":10289,"date":"2024-07-16T08:34:08","date_gmt":"2024-07-16T08:34:08","guid":{"rendered":"https:\/\/www.applic8.com\/non-categorise\/leffet-de-la-gestion-du-temps-et-des-presences-sur-votre-entreprise\/"},"modified":"2025-11-04T14:36:29","modified_gmt":"2025-11-04T14:36:29","slug":"leffet-de-la-gestion-du-temps-et-des-presences-sur-votre-entreprise","status":"publish","type":"post","link":"https:\/\/www.applic8.com\/fr\/as1\/leffet-de-la-gestion-du-temps-et-des-presences-sur-votre-entreprise\/","title":{"rendered":"L&rsquo;effet de la gestion du temps et des pr\u00e9sences sur votre entreprise"},"content":{"rendered":"[vc_row type=\u00a0\u00bbin_container\u00a0\u00bb full_screen_row_position=\u00a0\u00bbmiddle\u00a0\u00bb column_margin=\u00a0\u00bbdefault\u00a0\u00bb column_direction=\u00a0\u00bbdefault\u00a0\u00bb column_direction_tablet=\u00a0\u00bbdefault\u00a0\u00bb column_direction_phone=\u00a0\u00bbdefault\u00a0\u00bb scene_position=\u00a0\u00bbcenter\u00a0\u00bb text_color=\u00a0\u00bbdark\u00a0\u00bb text_align=\u00a0\u00bbleft\u00a0\u00bb row_border_radius=\u00a0\u00bbnone\u00a0\u00bb row_border_radius_applies=\u00a0\u00bbbg\u00a0\u00bb overflow=\u00a0\u00bbvisible\u00a0\u00bb overlay_strength=\u00a0\u00bb0.3&Prime; gradient_direction=\u00a0\u00bbleft_to_right\u00a0\u00bb shape_divider_position=\u00a0\u00bbbottom\u00a0\u00bb bg_image_animation=\u00a0\u00bbnone\u00a0\u00bb][vc_column column_padding=\u00a0\u00bbno-extra-padding\u00a0\u00bb column_padding_tablet=\u00a0\u00bbinherit\u00a0\u00bb column_padding_phone=\u00a0\u00bbinherit\u00a0\u00bb column_padding_position=\u00a0\u00bball\u00a0\u00bb column_element_direction_desktop=\u00a0\u00bbdefault\u00a0\u00bb column_element_spacing=\u00a0\u00bbdefault\u00a0\u00bb desktop_text_alignment=\u00a0\u00bbdefault\u00a0\u00bb tablet_text_alignment=\u00a0\u00bbdefault\u00a0\u00bb phone_text_alignment=\u00a0\u00bbdefault\u00a0\u00bb background_color_opacity=\u00a0\u00bb1&Prime; background_hover_color_opacity=\u00a0\u00bb1&Prime; column_backdrop_filter=\u00a0\u00bbnone\u00a0\u00bb column_shadow=\u00a0\u00bbnone\u00a0\u00bb column_border_radius=\u00a0\u00bbnone\u00a0\u00bb column_link_target=\u00a0\u00bb_self\u00a0\u00bb column_position=\u00a0\u00bbdefault\u00a0\u00bb gradient_direction=\u00a0\u00bbleft_to_right\u00a0\u00bb overlay_strength=\u00a0\u00bb0.3&Prime; width=\u00a0\u00bb1\/1&Prime; tablet_width_inherit=\u00a0\u00bbdefault\u00a0\u00bb animation_type=\u00a0\u00bbdefault\u00a0\u00bb bg_image_animation=\u00a0\u00bbnone\u00a0\u00bb border_type=\u00a0\u00bbsimple\u00a0\u00bb column_border_width=\u00a0\u00bbnone\u00a0\u00bb column_border_style=\u00a0\u00bbsolid\u00a0\u00bb][vc_column_text]\n<p id=\"ember46\" class=\"ember-view reader-text-block__paragraph\">La gestion du temps et des pr\u00e9sences est le processus de contr\u00f4le des heures de travail des employ\u00e9s, y compris l&rsquo;heure \u00e0 laquelle ils commencent et terminent leur travail, le nombre de pauses qu&rsquo;ils prennent et \u00e0 quel moment, leurs indemnit\u00e9s de cong\u00e9 de maladie et leurs cong\u00e9s annuels.<\/p>\n<p id=\"ember47\" class=\"ember-view reader-text-block__paragraph\">Les entreprises d\u00e9pendent de leurs employ\u00e9s pour mener \u00e0 bien les fonctions les plus \u00e9l\u00e9mentaires, c&rsquo;est pourquoi le suivi de leur pr\u00e9sence fait partie int\u00e9grante des performances d&rsquo;une organisation. Il existe de nombreuses fa\u00e7ons de suivre les pr\u00e9sences des employ\u00e9s, comme les feuilles de temps et les fiches de pr\u00e9sence, mais les entreprises modernes utilisent des <a class=\"app-aware-link \" href=\"https:\/\/www.applic8.com\/fr\/gestion-des-absences-et-suivi-du-temps\/\" target=\"_self\" rel=\"noopener\" data-test-app-aware-link=\"\">syst\u00e8mes de gestion des pr\u00e9sences intelligents<\/a> pour \u00e9liminer le stress du suivi manuel. <\/p>\n<p id=\"ember48\" class=\"ember-view reader-text-block__paragraph\">Le suivi automatique des absences et du temps de travail permet de gagner du temps et de r\u00e9duire les co\u00fbts, ce qui a un impact positif sur les r\u00e9sultats de votre entreprise.<\/p>\n<h3><strong><span class=\"\" style=\"font-size: 25px;\">5 fa\u00e7ons dont la gestion automatique du temps et des pr\u00e9sences influe sur vos r\u00e9sultats<\/span><\/strong><\/h3>\n<h4 id=\"ember50\" class=\"ember-view reader-text-block__heading-3\">1. All\u00e8gement de la charge de travail administratif<\/h4>\n<p id=\"ember51\" class=\"ember-view reader-text-block__paragraph\">Le suivi automatique des heures de travail et des absences des salari\u00e9s supprime la n\u00e9cessit\u00e9 de saisir manuellement les feuilles de temps, ce qui fait gagner du temps aux RH, aux gestionnaires de paie et \u00e0 vos salari\u00e9s. La gestion de ces processus \u00e0 l&rsquo;aide d&rsquo;un logiciel minimise le risque d&rsquo;erreur humaine, ce qui garantit l&rsquo;exactitude des calculs de paie. <\/p>\n<h4 id=\"ember52\" class=\"ember-view reader-text-block__heading-3\">2. R\u00e9duction des erreurs de paie<\/h4>\n<p id=\"ember53\" class=\"ember-view reader-text-block__paragraph\">En automatisant le suivi du temps de travail des employ\u00e9s, votre syst\u00e8me de pr\u00e9sence intelligent peut attribuer des heures de travail aux employ\u00e9s, ce qui garantit que le traitement de la paie s&rsquo;effectue \u00e0 partir d&rsquo;informations aussi pr\u00e9cises que possible.<\/p>\n<p id=\"ember54\" class=\"ember-view reader-text-block__paragraph\">Cela rend \u00e9galement le vol de temps plus difficile \u00e0 \u00e9viter, ce qui permet \u00e0 une organisation de contr\u00f4ler les co\u00fbts de main-d&rsquo;\u0153uvre et de r\u00e9duire la fr\u00e9quence des activit\u00e9s frauduleuses.<\/p>\n<h4 id=\"ember55\" class=\"ember-view reader-text-block__heading-3\">3. Conformit\u00e9 l\u00e9gale facilit\u00e9e<\/h4>\n<p id=\"ember56\" class=\"ember-view reader-text-block__paragraph\">De nombreuses lois et r\u00e9glementations gouvernementales ont \u00e9t\u00e9 mises en place pour prot\u00e9ger les employ\u00e9s contre les pratiques d\u00e9loyales sur le lieu de travail. La gestion manuelle des pr\u00e9sences peut signifier que votre entreprise n&rsquo;est pas en conformit\u00e9 avec la l\u00e9gislation en raison d&rsquo;une erreur humaine ou de l&rsquo;ignorance des r\u00e9glementations. <\/p>\n<p id=\"ember57\" class=\"ember-view reader-text-block__paragraph\">Les syst\u00e8mes automatiques de gestion du temps et des pr\u00e9sences garantissent que votre entreprise n&rsquo;enfreint aucune loi et conservent des enregistrements qui peuvent \u00e9tayer votre entreprise devant les tribunaux.<\/p>\n<h4 id=\"ember58\" class=\"ember-view reader-text-block__heading-3\">4. Facilite l&rsquo;\u00e9tablissement du budget<\/h4>\n<p id=\"ember59\" class=\"ember-view reader-text-block__paragraph\">Les logiciels de gestion des temps et des pr\u00e9sences donnent aux employeurs une vue d&rsquo;ensemble des tendances en mati\u00e8re de pr\u00e9sence des employ\u00e9s et de leurs habitudes de travail. Cela permet aux d\u00e9cideurs de planifier et d&rsquo;am\u00e9liorer l&rsquo;efficacit\u00e9 en \u00e9tablissant des budgets et en apportant des changements. <\/p>\n<h4 id=\"ember60\" class=\"ember-view reader-text-block__heading-3\">5. C&rsquo;est plus simple pour vos employ\u00e9s<\/h4>\n<p id=\"ember61\" class=\"ember-view reader-text-block__paragraph\">Des syst\u00e8mes intuitifs faciliteront le suivi coh\u00e9rent et pr\u00e9cis des heures de travail de vos employ\u00e9s. L&rsquo;automatisation de la gestion des pr\u00e9sences permet \u00e0 vos employ\u00e9s de gagner du temps et de r\u00e9duire le taux de rotation. <\/p>\n<p id=\"ember62\" class=\"ember-view reader-text-block__paragraph\">Lorsque le temps et l&rsquo;assiduit\u00e9 des employ\u00e9s sont g\u00e9r\u00e9s efficacement, ils sont plus susceptibles d&rsquo;\u00eatre satisfaits de leur travail que s&rsquo;ils se sentent surcharg\u00e9s ou injustement r\u00e9mun\u00e9r\u00e9s.<\/p>\n<h2 id=\"ember63\" class=\"ember-view reader-text-block__heading-2\" style=\"text-align: center;\"><strong> <span class=\"\" style=\"font-size: 20px;\">  L&rsquo;automatisation du temps de travail a un impact sur vos r\u00e9sultats<\/span><\/strong><\/h2>\n<p id=\"ember64\" class=\"ember-view reader-text-block__paragraph\">En r\u00e9sum\u00e9, l&rsquo;automatisation des temps de pr\u00e9sence a un impact positif sur vos r\u00e9sultats \u00e0 plusieurs \u00e9gards :<\/p>\n<ul>\n<li><strong>R\u00e9duction de la charge de travail :<\/strong> L&rsquo;automatisation de la gestion du temps et des pr\u00e9sences \u00e9limine la n\u00e9cessit\u00e9 de saisir manuellement les donn\u00e9es. Cela \u00e9conomise du temps administratif et permet aux RH de se concentrer sur d&rsquo;autres t\u00e2ches. <\/li>\n<li><strong>Am\u00e9lioration de l&rsquo;exactitude de la paie : <\/strong>Les syst\u00e8mes automatis\u00e9s r\u00e9duisent les erreurs de suivi du temps et de calcul des salaires, ce qui garantit que les employ\u00e9s sont pay\u00e9s correctement et en temps voulu.<\/li>\n<li><strong>Conformit\u00e9 facilit\u00e9e : <\/strong>L&rsquo;automatisation permet de garantir le respect de la r\u00e9glementation du travail en assurant un suivi pr\u00e9cis des heures de travail et en conservant des dossiers complets.<\/li>\n<li><strong>R\u00e9duction des co\u00fbts et \u00e9tablissement du budget :<\/strong> Un enregistrement pr\u00e9cis permet aux d\u00e9cideurs d&rsquo;\u00e9laborer une strat\u00e9gie et un budget plus intelligents.<\/li>\n<li><strong>Meilleur pour les employ\u00e9s :<\/strong> Gr\u00e2ce \u00e0 l&rsquo;automatisation, les employ\u00e9s n&rsquo;ont plus \u00e0 se pr\u00e9occuper du suivi de leurs heures de travail, ce qui leur fait gagner du temps.<\/li>\n<\/ul>\n<p>&nbsp;<\/p>\n<p id=\"ember66\" class=\"ember-view reader-text-block__paragraph\">Une bonne <a class=\"app-aware-link \" href=\"https:\/\/www.applic8.com\/fr\/gestion-des-absences-et-suivi-du-temps\/\" target=\"_self\" rel=\"noopener\" data-test-app-aware-link=\"\">suite de gestion du temps et de suivi des absences<\/a> am\u00e9liore l&rsquo;efficacit\u00e9, la conformit\u00e9, la pr\u00e9cision, la responsabilit\u00e9 et la prise de d\u00e9cision fond\u00e9e sur des donn\u00e9es, autant d&rsquo;\u00e9l\u00e9ments essentiels pour <a href=\"https:\/\/www.applic8.com\/teams\/budget-friendly-team-building-affordable-ideas-for-small-and-medium-businesses\/\">rendre votre organisation plus efficace et plus rentable<\/a>.<\/p>\n[\/vc_column_text][\/vc_column][\/vc_row]\n","protected":false},"excerpt":{"rendered":"<p>[vc_row type=\u00a0\u00bbin_container\u00a0\u00bb full_screen_row_position=\u00a0\u00bbmiddle\u00a0\u00bb column_margin=\u00a0\u00bbdefault\u00a0\u00bb column_direction=\u00a0\u00bbdefault\u00a0\u00bb column_direction_tablet=\u00a0\u00bbdefault\u00a0\u00bb column_direction_phone=\u00a0\u00bbdefault\u00a0\u00bb scene_position=\u00a0\u00bbcenter\u00a0\u00bb text_color=\u00a0\u00bbdark\u00a0\u00bb text_align=\u00a0\u00bbleft\u00a0\u00bb row_border_radius=\u00a0\u00bbnone\u00a0\u00bb row_border_radius_applies=\u00a0\u00bbbg\u00a0\u00bb overflow=\u00a0\u00bbvisible\u00a0\u00bb overlay_strength=\u00a0\u00bb0.3&Prime; gradient_direction=\u00a0\u00bbleft_to_right\u00a0\u00bb&#8230;<\/p>\n","protected":false},"author":8,"featured_media":10290,"comment_status":"closed","ping_status":"open","sticky":false,"template":"","format":"standard","meta":{"content-type":"","inline_featured_image":false,"footnotes":""},"categories":[95,96],"tags":[],"class_list":{"0":"post-10289","1":"post","2":"type-post","3":"status-publish","4":"format-standard","5":"has-post-thumbnail","7":"category-as1","8":"category-paie-mondiale"},"yoast_head":"<!-- This site is optimized with the Yoast SEO plugin v27.3 - https:\/\/yoast.com\/product\/yoast-seo-wordpress\/ -->\n<title>L&#039;effet de la gestion du temps et des pr\u00e9sences sur votre entreprise<\/title>\n<meta name=\"description\" content=\"D\u00e9couvrez comment une gestion efficace des temps et des pr\u00e9sences peut avoir un impact sur votre entreprise en augmentant la productivit\u00e9, en r\u00e9duisant les co\u00fbts de main-d&#039;\u0153uvre et en garantissant la conformit\u00e9. D\u00e9couvrez les avantages d&#039;un suivi pr\u00e9cis et de processus rationalis\u00e9s pour votre personnel.\" \/>\n<meta name=\"robots\" content=\"index, follow, max-snippet:-1, max-image-preview:large, max-video-preview:-1\" \/>\n<link rel=\"canonical\" href=\"https:\/\/www.applic8.com\/fr\/as1\/leffet-de-la-gestion-du-temps-et-des-presences-sur-votre-entreprise\/\" \/>\n<meta property=\"og:locale\" content=\"fr_FR\" \/>\n<meta property=\"og:type\" content=\"article\" \/>\n<meta property=\"og:title\" content=\"L&#039;effet de la gestion du temps et des pr\u00e9sences sur votre entreprise\" \/>\n<meta property=\"og:description\" content=\"D\u00e9couvrez comment une gestion efficace des temps et des pr\u00e9sences peut avoir un impact sur votre entreprise en augmentant la productivit\u00e9, en r\u00e9duisant les co\u00fbts de main-d&#039;\u0153uvre et en garantissant la conformit\u00e9. D\u00e9couvrez les avantages d&#039;un suivi pr\u00e9cis et de processus rationalis\u00e9s pour votre personnel.\" \/>\n<meta property=\"og:url\" content=\"https:\/\/www.applic8.com\/fr\/as1\/leffet-de-la-gestion-du-temps-et-des-presences-sur-votre-entreprise\/\" \/>\n<meta property=\"og:site_name\" content=\"Applic8\" \/>\n<meta property=\"article:published_time\" content=\"2024-07-16T08:34:08+00:00\" \/>\n<meta property=\"article:modified_time\" content=\"2025-11-04T14:36:29+00:00\" \/>\n<meta property=\"og:image\" content=\"https:\/\/www.applic8.com\/wp-content\/uploads\/2024\/07\/pexels-ansar-muhammad-380085065-23916841-scaled.jpg\" \/>\n\t<meta property=\"og:image:width\" content=\"2560\" \/>\n\t<meta property=\"og:image:height\" content=\"1920\" \/>\n\t<meta property=\"og:image:type\" content=\"image\/jpeg\" \/>\n<meta name=\"author\" content=\"Jensen Bandada\" \/>\n<meta name=\"twitter:card\" content=\"summary_large_image\" \/>\n<meta name=\"twitter:label1\" content=\"\u00c9crit par\" \/>\n\t<meta name=\"twitter:data1\" content=\"Jensen Bandada\" \/>\n\t<meta name=\"twitter:label2\" content=\"Dur\u00e9e de lecture estim\u00e9e\" \/>\n\t<meta name=\"twitter:data2\" content=\"5 minutes\" \/>\n<script type=\"application\/ld+json\" class=\"yoast-schema-graph\">{\"@context\":\"https:\\\/\\\/schema.org\",\"@graph\":[{\"@type\":\"Article\",\"@id\":\"https:\\\/\\\/www.applic8.com\\\/fr\\\/as1\\\/leffet-de-la-gestion-du-temps-et-des-presences-sur-votre-entreprise\\\/#article\",\"isPartOf\":{\"@id\":\"https:\\\/\\\/www.applic8.com\\\/fr\\\/as1\\\/leffet-de-la-gestion-du-temps-et-des-presences-sur-votre-entreprise\\\/\"},\"author\":{\"name\":\"Jensen Bandada\",\"@id\":\"https:\\\/\\\/www.applic8.com\\\/fr\\\/#\\\/schema\\\/person\\\/f70756d6dde93059b742a0391d7b5def\"},\"headline\":\"L&rsquo;effet de la gestion du temps et des pr\u00e9sences sur votre entreprise\",\"datePublished\":\"2024-07-16T08:34:08+00:00\",\"dateModified\":\"2025-11-04T14:36:29+00:00\",\"mainEntityOfPage\":{\"@id\":\"https:\\\/\\\/www.applic8.com\\\/fr\\\/as1\\\/leffet-de-la-gestion-du-temps-et-des-presences-sur-votre-entreprise\\\/\"},\"wordCount\":1031,\"publisher\":{\"@id\":\"https:\\\/\\\/www.applic8.com\\\/fr\\\/#organization\"},\"image\":{\"@id\":\"https:\\\/\\\/www.applic8.com\\\/fr\\\/as1\\\/leffet-de-la-gestion-du-temps-et-des-presences-sur-votre-entreprise\\\/#primaryimage\"},\"thumbnailUrl\":\"https:\\\/\\\/www.applic8.com\\\/wp-content\\\/uploads\\\/2024\\\/07\\\/pexels-ansar-muhammad-380085065-23916841-scaled.jpg\",\"articleSection\":[\"As1\",\"Paie mondiale\"],\"inLanguage\":\"fr-FR\"},{\"@type\":\"WebPage\",\"@id\":\"https:\\\/\\\/www.applic8.com\\\/fr\\\/as1\\\/leffet-de-la-gestion-du-temps-et-des-presences-sur-votre-entreprise\\\/\",\"url\":\"https:\\\/\\\/www.applic8.com\\\/fr\\\/as1\\\/leffet-de-la-gestion-du-temps-et-des-presences-sur-votre-entreprise\\\/\",\"name\":\"L'effet de la gestion du temps et des pr\u00e9sences sur votre entreprise\",\"isPartOf\":{\"@id\":\"https:\\\/\\\/www.applic8.com\\\/fr\\\/#website\"},\"primaryImageOfPage\":{\"@id\":\"https:\\\/\\\/www.applic8.com\\\/fr\\\/as1\\\/leffet-de-la-gestion-du-temps-et-des-presences-sur-votre-entreprise\\\/#primaryimage\"},\"image\":{\"@id\":\"https:\\\/\\\/www.applic8.com\\\/fr\\\/as1\\\/leffet-de-la-gestion-du-temps-et-des-presences-sur-votre-entreprise\\\/#primaryimage\"},\"thumbnailUrl\":\"https:\\\/\\\/www.applic8.com\\\/wp-content\\\/uploads\\\/2024\\\/07\\\/pexels-ansar-muhammad-380085065-23916841-scaled.jpg\",\"datePublished\":\"2024-07-16T08:34:08+00:00\",\"dateModified\":\"2025-11-04T14:36:29+00:00\",\"description\":\"D\u00e9couvrez comment une gestion efficace des temps et des pr\u00e9sences peut avoir un impact sur votre entreprise en augmentant la productivit\u00e9, en r\u00e9duisant les co\u00fbts de main-d'\u0153uvre et en garantissant la conformit\u00e9. D\u00e9couvrez les avantages d'un suivi pr\u00e9cis et de processus rationalis\u00e9s pour votre personnel.\",\"breadcrumb\":{\"@id\":\"https:\\\/\\\/www.applic8.com\\\/fr\\\/as1\\\/leffet-de-la-gestion-du-temps-et-des-presences-sur-votre-entreprise\\\/#breadcrumb\"},\"inLanguage\":\"fr-FR\",\"potentialAction\":[{\"@type\":\"ReadAction\",\"target\":[\"https:\\\/\\\/www.applic8.com\\\/fr\\\/as1\\\/leffet-de-la-gestion-du-temps-et-des-presences-sur-votre-entreprise\\\/\"]}]},{\"@type\":\"ImageObject\",\"inLanguage\":\"fr-FR\",\"@id\":\"https:\\\/\\\/www.applic8.com\\\/fr\\\/as1\\\/leffet-de-la-gestion-du-temps-et-des-presences-sur-votre-entreprise\\\/#primaryimage\",\"url\":\"https:\\\/\\\/www.applic8.com\\\/wp-content\\\/uploads\\\/2024\\\/07\\\/pexels-ansar-muhammad-380085065-23916841-scaled.jpg\",\"contentUrl\":\"https:\\\/\\\/www.applic8.com\\\/wp-content\\\/uploads\\\/2024\\\/07\\\/pexels-ansar-muhammad-380085065-23916841-scaled.jpg\",\"width\":2560,\"height\":1920,\"caption\":\"horloge repr\u00e9sentant le syst\u00e8me de gestion du temps et des pr\u00e9sences\"},{\"@type\":\"BreadcrumbList\",\"@id\":\"https:\\\/\\\/www.applic8.com\\\/fr\\\/as1\\\/leffet-de-la-gestion-du-temps-et-des-presences-sur-votre-entreprise\\\/#breadcrumb\",\"itemListElement\":[{\"@type\":\"ListItem\",\"position\":1,\"name\":\"Home\",\"item\":\"https:\\\/\\\/www.applic8.com\\\/fr\\\/\"},{\"@type\":\"ListItem\",\"position\":2,\"name\":\"As1\",\"item\":\"https:\\\/\\\/www.applic8.com\\\/fr\\\/blog\\\/as1\\\/\"},{\"@type\":\"ListItem\",\"position\":3,\"name\":\"L&#8217;effet de la gestion du temps et des pr\u00e9sences sur votre entreprise\"}]},{\"@type\":\"WebSite\",\"@id\":\"https:\\\/\\\/www.applic8.com\\\/fr\\\/#website\",\"url\":\"https:\\\/\\\/www.applic8.com\\\/fr\\\/\",\"name\":\"Applic8\",\"description\":\"The HR Cloud Company\",\"publisher\":{\"@id\":\"https:\\\/\\\/www.applic8.com\\\/fr\\\/#organization\"},\"potentialAction\":[{\"@type\":\"SearchAction\",\"target\":{\"@type\":\"EntryPoint\",\"urlTemplate\":\"https:\\\/\\\/www.applic8.com\\\/fr\\\/?s={search_term_string}\"},\"query-input\":{\"@type\":\"PropertyValueSpecification\",\"valueRequired\":true,\"valueName\":\"search_term_string\"}}],\"inLanguage\":\"fr-FR\"},{\"@type\":\"Organization\",\"@id\":\"https:\\\/\\\/www.applic8.com\\\/fr\\\/#organization\",\"name\":\"Applic8\",\"url\":\"https:\\\/\\\/www.applic8.com\\\/fr\\\/\",\"logo\":{\"@type\":\"ImageObject\",\"inLanguage\":\"fr-FR\",\"@id\":\"https:\\\/\\\/www.applic8.com\\\/fr\\\/#\\\/schema\\\/logo\\\/image\\\/\",\"url\":\"https:\\\/\\\/www.applic8.com\\\/wp-content\\\/uploads\\\/2022\\\/09\\\/applic8_logo_dark.svg\",\"contentUrl\":\"https:\\\/\\\/www.applic8.com\\\/wp-content\\\/uploads\\\/2022\\\/09\\\/applic8_logo_dark.svg\",\"width\":\"1024\",\"height\":\"1024\",\"caption\":\"Applic8\"},\"image\":{\"@id\":\"https:\\\/\\\/www.applic8.com\\\/fr\\\/#\\\/schema\\\/logo\\\/image\\\/\"},\"sameAs\":[\"https:\\\/\\\/www.linkedin.com\\\/company\\\/applic8-sa\\\/\"]},{\"@type\":\"Person\",\"@id\":\"https:\\\/\\\/www.applic8.com\\\/fr\\\/#\\\/schema\\\/person\\\/f70756d6dde93059b742a0391d7b5def\",\"name\":\"Jensen Bandada\",\"image\":{\"@type\":\"ImageObject\",\"inLanguage\":\"fr-FR\",\"@id\":\"https:\\\/\\\/secure.gravatar.com\\\/avatar\\\/4e404d39c915a3cf468125992f66a38feaea26c0e9f08c4161ad4238f6135e72?s=96&d=mm&r=g\",\"url\":\"https:\\\/\\\/secure.gravatar.com\\\/avatar\\\/4e404d39c915a3cf468125992f66a38feaea26c0e9f08c4161ad4238f6135e72?s=96&d=mm&r=g\",\"contentUrl\":\"https:\\\/\\\/secure.gravatar.com\\\/avatar\\\/4e404d39c915a3cf468125992f66a38feaea26c0e9f08c4161ad4238f6135e72?s=96&d=mm&r=g\",\"caption\":\"Jensen Bandada\"},\"description\":\"Jensen is a dedicated payroll specialist with years of experience helping businesses manage accurate, timely, and compliant payroll operations. With a deep understanding of local and international payroll regulations, tax requirements, and employee compensation strategies, Jensen has helped companies of all sizes streamline their payroll processes and improve operational efficiency.\",\"sameAs\":[\"https:\\\/\\\/www.linkedin.com\\\/in\\\/jxnsxn\\\/\"],\"url\":\"https:\\\/\\\/www.applic8.com\\\/fr\\\/author\\\/jensen-bandada\\\/\"}]}<\/script>\n<!-- \/ Yoast SEO plugin. -->","yoast_head_json":{"title":"L'effet de la gestion du temps et des pr\u00e9sences sur votre entreprise","description":"D\u00e9couvrez comment une gestion efficace des temps et des pr\u00e9sences peut avoir un impact sur votre entreprise en augmentant la productivit\u00e9, en r\u00e9duisant les co\u00fbts de main-d'\u0153uvre et en garantissant la conformit\u00e9. D\u00e9couvrez les avantages d'un suivi pr\u00e9cis et de processus rationalis\u00e9s pour votre personnel.","robots":{"index":"index","follow":"follow","max-snippet":"max-snippet:-1","max-image-preview":"max-image-preview:large","max-video-preview":"max-video-preview:-1"},"canonical":"https:\/\/www.applic8.com\/fr\/as1\/leffet-de-la-gestion-du-temps-et-des-presences-sur-votre-entreprise\/","og_locale":"fr_FR","og_type":"article","og_title":"L'effet de la gestion du temps et des pr\u00e9sences sur votre entreprise","og_description":"D\u00e9couvrez comment une gestion efficace des temps et des pr\u00e9sences peut avoir un impact sur votre entreprise en augmentant la productivit\u00e9, en r\u00e9duisant les co\u00fbts de main-d'\u0153uvre et en garantissant la conformit\u00e9. D\u00e9couvrez les avantages d'un suivi pr\u00e9cis et de processus rationalis\u00e9s pour votre personnel.","og_url":"https:\/\/www.applic8.com\/fr\/as1\/leffet-de-la-gestion-du-temps-et-des-presences-sur-votre-entreprise\/","og_site_name":"Applic8","article_published_time":"2024-07-16T08:34:08+00:00","article_modified_time":"2025-11-04T14:36:29+00:00","og_image":[{"width":2560,"height":1920,"url":"https:\/\/www.applic8.com\/wp-content\/uploads\/2024\/07\/pexels-ansar-muhammad-380085065-23916841-scaled.jpg","type":"image\/jpeg"}],"author":"Jensen Bandada","twitter_card":"summary_large_image","twitter_misc":{"\u00c9crit par":"Jensen Bandada","Dur\u00e9e de lecture estim\u00e9e":"5 minutes"},"schema":{"@context":"https:\/\/schema.org","@graph":[{"@type":"Article","@id":"https:\/\/www.applic8.com\/fr\/as1\/leffet-de-la-gestion-du-temps-et-des-presences-sur-votre-entreprise\/#article","isPartOf":{"@id":"https:\/\/www.applic8.com\/fr\/as1\/leffet-de-la-gestion-du-temps-et-des-presences-sur-votre-entreprise\/"},"author":{"name":"Jensen Bandada","@id":"https:\/\/www.applic8.com\/fr\/#\/schema\/person\/f70756d6dde93059b742a0391d7b5def"},"headline":"L&rsquo;effet de la gestion du temps et des pr\u00e9sences sur votre entreprise","datePublished":"2024-07-16T08:34:08+00:00","dateModified":"2025-11-04T14:36:29+00:00","mainEntityOfPage":{"@id":"https:\/\/www.applic8.com\/fr\/as1\/leffet-de-la-gestion-du-temps-et-des-presences-sur-votre-entreprise\/"},"wordCount":1031,"publisher":{"@id":"https:\/\/www.applic8.com\/fr\/#organization"},"image":{"@id":"https:\/\/www.applic8.com\/fr\/as1\/leffet-de-la-gestion-du-temps-et-des-presences-sur-votre-entreprise\/#primaryimage"},"thumbnailUrl":"https:\/\/www.applic8.com\/wp-content\/uploads\/2024\/07\/pexels-ansar-muhammad-380085065-23916841-scaled.jpg","articleSection":["As1","Paie mondiale"],"inLanguage":"fr-FR"},{"@type":"WebPage","@id":"https:\/\/www.applic8.com\/fr\/as1\/leffet-de-la-gestion-du-temps-et-des-presences-sur-votre-entreprise\/","url":"https:\/\/www.applic8.com\/fr\/as1\/leffet-de-la-gestion-du-temps-et-des-presences-sur-votre-entreprise\/","name":"L'effet de la gestion du temps et des pr\u00e9sences sur votre entreprise","isPartOf":{"@id":"https:\/\/www.applic8.com\/fr\/#website"},"primaryImageOfPage":{"@id":"https:\/\/www.applic8.com\/fr\/as1\/leffet-de-la-gestion-du-temps-et-des-presences-sur-votre-entreprise\/#primaryimage"},"image":{"@id":"https:\/\/www.applic8.com\/fr\/as1\/leffet-de-la-gestion-du-temps-et-des-presences-sur-votre-entreprise\/#primaryimage"},"thumbnailUrl":"https:\/\/www.applic8.com\/wp-content\/uploads\/2024\/07\/pexels-ansar-muhammad-380085065-23916841-scaled.jpg","datePublished":"2024-07-16T08:34:08+00:00","dateModified":"2025-11-04T14:36:29+00:00","description":"D\u00e9couvrez comment une gestion efficace des temps et des pr\u00e9sences peut avoir un impact sur votre entreprise en augmentant la productivit\u00e9, en r\u00e9duisant les co\u00fbts de main-d'\u0153uvre et en garantissant la conformit\u00e9. D\u00e9couvrez les avantages d'un suivi pr\u00e9cis et de processus rationalis\u00e9s pour votre personnel.","breadcrumb":{"@id":"https:\/\/www.applic8.com\/fr\/as1\/leffet-de-la-gestion-du-temps-et-des-presences-sur-votre-entreprise\/#breadcrumb"},"inLanguage":"fr-FR","potentialAction":[{"@type":"ReadAction","target":["https:\/\/www.applic8.com\/fr\/as1\/leffet-de-la-gestion-du-temps-et-des-presences-sur-votre-entreprise\/"]}]},{"@type":"ImageObject","inLanguage":"fr-FR","@id":"https:\/\/www.applic8.com\/fr\/as1\/leffet-de-la-gestion-du-temps-et-des-presences-sur-votre-entreprise\/#primaryimage","url":"https:\/\/www.applic8.com\/wp-content\/uploads\/2024\/07\/pexels-ansar-muhammad-380085065-23916841-scaled.jpg","contentUrl":"https:\/\/www.applic8.com\/wp-content\/uploads\/2024\/07\/pexels-ansar-muhammad-380085065-23916841-scaled.jpg","width":2560,"height":1920,"caption":"horloge repr\u00e9sentant le syst\u00e8me de gestion du temps et des pr\u00e9sences"},{"@type":"BreadcrumbList","@id":"https:\/\/www.applic8.com\/fr\/as1\/leffet-de-la-gestion-du-temps-et-des-presences-sur-votre-entreprise\/#breadcrumb","itemListElement":[{"@type":"ListItem","position":1,"name":"Home","item":"https:\/\/www.applic8.com\/fr\/"},{"@type":"ListItem","position":2,"name":"As1","item":"https:\/\/www.applic8.com\/fr\/blog\/as1\/"},{"@type":"ListItem","position":3,"name":"L&#8217;effet de la gestion du temps et des pr\u00e9sences sur votre entreprise"}]},{"@type":"WebSite","@id":"https:\/\/www.applic8.com\/fr\/#website","url":"https:\/\/www.applic8.com\/fr\/","name":"Applic8","description":"The HR Cloud Company","publisher":{"@id":"https:\/\/www.applic8.com\/fr\/#organization"},"potentialAction":[{"@type":"SearchAction","target":{"@type":"EntryPoint","urlTemplate":"https:\/\/www.applic8.com\/fr\/?s={search_term_string}"},"query-input":{"@type":"PropertyValueSpecification","valueRequired":true,"valueName":"search_term_string"}}],"inLanguage":"fr-FR"},{"@type":"Organization","@id":"https:\/\/www.applic8.com\/fr\/#organization","name":"Applic8","url":"https:\/\/www.applic8.com\/fr\/","logo":{"@type":"ImageObject","inLanguage":"fr-FR","@id":"https:\/\/www.applic8.com\/fr\/#\/schema\/logo\/image\/","url":"https:\/\/www.applic8.com\/wp-content\/uploads\/2022\/09\/applic8_logo_dark.svg","contentUrl":"https:\/\/www.applic8.com\/wp-content\/uploads\/2022\/09\/applic8_logo_dark.svg","width":"1024","height":"1024","caption":"Applic8"},"image":{"@id":"https:\/\/www.applic8.com\/fr\/#\/schema\/logo\/image\/"},"sameAs":["https:\/\/www.linkedin.com\/company\/applic8-sa\/"]},{"@type":"Person","@id":"https:\/\/www.applic8.com\/fr\/#\/schema\/person\/f70756d6dde93059b742a0391d7b5def","name":"Jensen Bandada","image":{"@type":"ImageObject","inLanguage":"fr-FR","@id":"https:\/\/secure.gravatar.com\/avatar\/4e404d39c915a3cf468125992f66a38feaea26c0e9f08c4161ad4238f6135e72?s=96&d=mm&r=g","url":"https:\/\/secure.gravatar.com\/avatar\/4e404d39c915a3cf468125992f66a38feaea26c0e9f08c4161ad4238f6135e72?s=96&d=mm&r=g","contentUrl":"https:\/\/secure.gravatar.com\/avatar\/4e404d39c915a3cf468125992f66a38feaea26c0e9f08c4161ad4238f6135e72?s=96&d=mm&r=g","caption":"Jensen Bandada"},"description":"Jensen is a dedicated payroll specialist with years of experience helping businesses manage accurate, timely, and compliant payroll operations. With a deep understanding of local and international payroll regulations, tax requirements, and employee compensation strategies, Jensen has helped companies of all sizes streamline their payroll processes and improve operational efficiency.","sameAs":["https:\/\/www.linkedin.com\/in\/jxnsxn\/"],"url":"https:\/\/www.applic8.com\/fr\/author\/jensen-bandada\/"}]}},"_links":{"self":[{"href":"https:\/\/www.applic8.com\/fr\/wp-json\/wp\/v2\/posts\/10289","targetHints":{"allow":["GET"]}}],"collection":[{"href":"https:\/\/www.applic8.com\/fr\/wp-json\/wp\/v2\/posts"}],"about":[{"href":"https:\/\/www.applic8.com\/fr\/wp-json\/wp\/v2\/types\/post"}],"author":[{"embeddable":true,"href":"https:\/\/www.applic8.com\/fr\/wp-json\/wp\/v2\/users\/8"}],"replies":[{"embeddable":true,"href":"https:\/\/www.applic8.com\/fr\/wp-json\/wp\/v2\/comments?post=10289"}],"version-history":[{"count":2,"href":"https:\/\/www.applic8.com\/fr\/wp-json\/wp\/v2\/posts\/10289\/revisions"}],"predecessor-version":[{"id":10296,"href":"https:\/\/www.applic8.com\/fr\/wp-json\/wp\/v2\/posts\/10289\/revisions\/10296"}],"wp:featuredmedia":[{"embeddable":true,"href":"https:\/\/www.applic8.com\/fr\/wp-json\/wp\/v2\/media\/10290"}],"wp:attachment":[{"href":"https:\/\/www.applic8.com\/fr\/wp-json\/wp\/v2\/media?parent=10289"}],"wp:term":[{"taxonomy":"category","embeddable":true,"href":"https:\/\/www.applic8.com\/fr\/wp-json\/wp\/v2\/categories?post=10289"},{"taxonomy":"post_tag","embeddable":true,"href":"https:\/\/www.applic8.com\/fr\/wp-json\/wp\/v2\/tags?post=10289"}],"curies":[{"name":"wp","href":"https:\/\/api.w.org\/{rel}","templated":true}]}}